{"id":37915,"date":"2022-06-30T10:32:34","date_gmt":"2022-06-30T08:32:34","guid":{"rendered":"https:\/\/www.entelequiacultura.com\/?p=37915"},"modified":"2022-12-08T12:58:26","modified_gmt":"2022-12-08T11:58:26","slug":"cronicaretirraquellanseros","status":"publish","type":"post","link":"https:\/\/www.entelequiacultura.com\/ca\/cronicaretirraquellanseros\/","title":{"rendered":"El cor secret de Raquel Lanseros"},"content":{"rendered":"<div class=\"row \"><div class=\"wpv-grid grid-1-1  wpv-first-level first unextended\" style=\"padding-top:0px;padding-bottom:0px\" id=\"wpv-column-1167166acfd156970b5c3ded13976f91\" ><div class=\"push\" style='height:30px'><\/div><\/div><\/div>\n<div class=\"row \"><div class=\"wpv-grid grid-1-1  wpv-first-level first unextended\" style=\"padding-top:0px;padding-bottom:0px\" id=\"wpv-column-aad6166d230d6021bc1d597abe4a9fd2\" ><p>Ten\u00edem immenses ganes de con\u00e8ixer personalment a Raquel Lanseros despr\u00e9s de delectar-nos amb la confer\u00e8ncia en l\u00ednia que va impartir al maig del 2020 en Entel\u00e8quia sobre &#8220;Ci\u00e8ncia i Poesia&#8221;. La seva agitada agenda no va impedir que, acabada d&#8217;aterrar d&#8217;Istanbul, viatg\u00e9s fins a Barcelona i despr\u00e9s fins a Cam\u00f3s (Girona) per a conviure amb nosaltres un cap de setmana i impartir un potent taller de poesia, oferint una an\u00e0lisi compartida sobre la seva naturalesa, indagant en la seva ess\u00e8ncia ling\u00fcist\u00edca i emocional, aprofundint\u00a0en tots els matisos i caracter\u00edstiques presents en la lectura i l&#8217;escriptura de poesia.<\/p>\n<p>Ens vam submergir en un viatge que va partir des de\u00a0l&#8217;inici de la paraula oral, fins a desembocar en una breu anotaci\u00f3 reflexiva sobre els nostres propis projectes creatius. Vam treballar temes com la definici\u00f3 de la poesia,\u00a0la inspiraci\u00f3, la veu pr\u00f2pia, l&#8217;originalitat, el llenguatge po\u00e8tic, la idea, el ritme i la m\u00fasica, el to, l&#8217;estil, les met\u00e0fores i imatges, els silencis i les pauses, la paraula nova, la selecci\u00f3 l\u00e8xica, el jo l\u00edric, la universalitat, el m\u00f3n literari i la revisi\u00f3 dels textos.<\/p>\n<p>D&#8217;all\u00ed van sorgir poemes preciosos, com l&#8217;haiku de l&#8217;amiga cordovesa Mar\u00eda Calero:<\/p>\n<p><em>Sala de pedra<\/em><br \/>\n<em>per on grimpen versos<\/em><br \/>\n<em>des d&#8217;amb tu.<\/em><\/p>\n<p>Durant aquesta trobada vam poder corroborar que, a m\u00e9s de ser una excel\u00b7lent poeta i entusiasta investigadora, Raquel Lanseros t\u00e9 una vitalitat contagiosa i destil\u00b7la alegria i afecte per tots els seus porus. El nostre agra\u00efment a Raquel i tots el amics i amigues que van convertir el solstici d&#8217;estiu en un esdeveniment tan il\u00b7luminador.<\/p>\n<p>Com a guinda, us deixem un v\u00eddeopoema de l&#8217;actor Jordi Brau, que tamb\u00e9 ens va acompanyar, del poema de Raquel Lanseros <em>Para qu\u00e9 la poesia<\/em>.<\/div><\/div>\n<div class=\"push\" style='height:30px'><\/div>\n<div class=\"row \"><div class=\"wpv-grid grid-1-1  wpv-first-level first unextended\" style=\"padding-top:0px;padding-bottom:0px\" id=\"wpv-column-a60990c31cf85e437cdd63695a892ab4\" ><div class=\"wpv-video-frame\"><iframe loading=\"lazy\" title=\"Para qu\u00e9 la poes\u00eda de Raquel Lanseros (videopoema)\" width=\"1260\" height=\"945\" src=\"https:\/\/www.youtube.com\/embed\/X8cr_qI9_WQ?feature=oembed\" frameborder=\"0\" allow=\"accelerometer; autoplay; clipboard-write; encrypted-media; gyroscope; picture-in-picture\" allowfullscreen><\/iframe><\/div><\/div><\/div>\n","protected":false},"excerpt":{"rendered":"<p>Ten\u00edem immenses ganes de con\u00e8ixer personalment a Raquel Lanseros despr\u00e9s de delectar-nos amb la confer\u00e8ncia en l\u00ednia que va impartir al maig del 2020 en Entel\u00e8quia sobre &#8220;Ci\u00e8ncia i Poesia&#8221;&#8230;.<\/p>\n","protected":false},"author":1,"featured_media":37917,"comment_status":"open","ping_status":"open","sticky":false,"template":"","format":"image","meta":{"_price":"","_stock":"","_tribe_ticket_header":"","_tribe_default_ticket_provider":"","_tribe_ticket_capacity":"0","_ticket_start_date":"","_ticket_end_date":"","_tribe_ticket_show_description":"","_tribe_ticket_show_not_going":false,"_tribe_ticket_use_global_stock":"","_tribe_ticket_global_stock_level":"","_global_stock_mode":"","_global_stock_cap":"","_tribe_rsvp_for_event":"","_tribe_ticket_going_count":"","_tribe_ticket_not_going_count":"","_tribe_tickets_list":"[]","_tribe_ticket_has_attendee_info_fields":false,"footnotes":""},"categories":[168],"tags":[],"class_list":["post-37915","post","type-post","status-publish","format-image","has-post-thumbnail","hentry","category-sin-categoria","post_format-post-format-image"],"aioseo_notices":[],"_links":{"self":[{"href":"https:\/\/www.entelequiacultura.com\/ca\/wp-json\/wp\/v2\/posts\/37915","targetHints":{"allow":["GET"]}}],"collection":[{"href":"https:\/\/www.entelequiacultura.com\/ca\/wp-json\/wp\/v2\/posts"}],"about":[{"href":"https:\/\/www.entelequiacultura.com\/ca\/wp-json\/wp\/v2\/types\/post"}],"author":[{"embeddable":true,"href":"https:\/\/www.entelequiacultura.com\/ca\/wp-json\/wp\/v2\/users\/1"}],"replies":[{"embeddable":true,"href":"https:\/\/www.entelequiacultura.com\/ca\/wp-json\/wp\/v2\/comments?post=37915"}],"version-history":[{"count":0,"href":"https:\/\/www.entelequiacultura.com\/ca\/wp-json\/wp\/v2\/posts\/37915\/revisions"}],"wp:featuredmedia":[{"embeddable":true,"href":"https:\/\/www.entelequiacultura.com\/ca\/wp-json\/wp\/v2\/media\/37917"}],"wp:attachment":[{"href":"https:\/\/www.entelequiacultura.com\/ca\/wp-json\/wp\/v2\/media?parent=37915"}],"wp:term":[{"taxonomy":"category","embeddable":true,"href":"https:\/\/www.entelequiacultura.com\/ca\/wp-json\/wp\/v2\/categories?post=37915"},{"taxonomy":"post_tag","embeddable":true,"href":"https:\/\/www.entelequiacultura.com\/ca\/wp-json\/wp\/v2\/tags?post=37915"}],"curies":[{"name":"wp","href":"https:\/\/api.w.org\/{rel}","templated":true}]}}