{"id":37889,"date":"2022-05-20T16:35:16","date_gmt":"2022-05-20T14:35:16","guid":{"rendered":"https:\/\/www.entelequiacultura.com\/?p=37889"},"modified":"2022-12-08T13:09:50","modified_gmt":"2022-12-08T12:09:50","slug":"cronicaretirsaramesa","status":"publish","type":"post","link":"https:\/\/www.entelequiacultura.com\/ca\/cronicaretirsaramesa\/","title":{"rendered":"Parlar de regles amb Sara Mesa, encara que sigui per a transgredir-les"},"content":{"rendered":"<div class=\"row \"><div class=\"wpv-grid grid-1-1  wpv-first-level first unextended\" style=\"padding-top:0px;padding-bottom:0px\" id=\"wpv-column-967b846bc03d8d440738018eef9a0b4c\" ><div class=\"push\" style='height:30px'><\/div><\/div><\/div>\n<div class=\"row \"><div class=\"wpv-grid grid-1-1  wpv-first-level first unextended\" style=\"padding-top:0px;padding-bottom:0px\" id=\"wpv-column-03b75e89548dfbf52b7f88500df441ec\" ><p>Que la que aqu\u00ed escriu admira profundament a Sara Mesa \u00e9s una obvietat. Que h\u00e0gim tingut el privilegi de tornar a compartir amb ella un retir literari ha estat una alegria immensa.<\/p>\n<p>Si en el nostre primer retir, en\u00a0novembre del 2019 a Tossa de Mar, ens va proposar sortir del corrent, perqu\u00e8 escriure \u00e9s\u00a0aprendre a mirar des d&#8217;un altre costat, des d&#8217;angles nous i irreverents, i ens va transmetre la idea de l&#8217;escriptura liter\u00e0ria com a desviaci\u00f3, com una forma d&#8217;anormalitat, tractant de desmuntar l&#8217;associaci\u00f3 convencional entre escriure \u201cb\u00e9\u201d i el virtuosisme formal, en aquesta oportunitat ens va proposar, aparentment, el contrari: parlar de regles, encara que nom\u00e9s fos per a reflexionar sobre elles, discutir-les i fins i tot transgredir-les. Per a fer-ho, ens vam centrar en tres escriptores de tres estils diferents: Shirley Jackson (San Francisco, 1916), Flannery O\u2019Connor (Ge\u00f2rgia, 1925) i Lydia Davis (Massachusetts, 1947).<\/p>\n<p>Vam llegir algunes &#8220;recomanacions&#8221; d&#8217;aquestes autores i alguns relats, els vam analitzar per a comprovar si elles mateixes les havien seguit a l&#8217;hora de construir els seus textos, els vam argumentar, debatre i vam construir els nostres propis relats breus.<\/p>\n<p>La trobada, en aquesta ocasi\u00f3, va ser a Cam\u00f3s, en una antiga rector\u00eda avui convertida en un preci\u00f3s petit hotel envoltat de naturalesa, on van poder conviure amb persones que van venir, a m\u00e9s de des de diferents zones de Catalunya, des d&#8217;It\u00e0lia, Euskadi, Andalusia i Alacant. Durant els tres dies que va durar l&#8217;esdeveniment, a m\u00e9s d&#8217;abordar en profunditat tots els continguts del taller que va impartir la Sara\u00a0(qui ens va revelar, en prim\u00edcia, que en breu es publicar\u00e0 la seva nova novel\u00b7la), de mantenir interessant\u00edssimes xerrades durant les sobretaules, d&#8217;assaborir la deliciosa gastronomia de la zona, de gaudir de l&#8217;entorn, de crear lla\u00e7os, fins va haver-hi temps per a passejar pel preci\u00f3s poble medieval de Besal\u00fa.<\/p>\n<p>El meu etern agra\u00efment a l&#8217;amiga Sara Mesa, per la seva manera d&#8217;escriure, per la seva manera de mirar l&#8217;hum\u00e0, pel seu talent i el seu afecte. Gr\u00e0cies, reiterades, a les amics i amics que tamb\u00e9 van compartir amb nosaltres la seva llum.<\/div><\/div>\n<div class=\"push\" style='height:30px'><\/div>\n","protected":false},"excerpt":{"rendered":"<p>Que la que aqu\u00ed escriu admira profundament a Sara Mesa \u00e9s una obvietat. Que h\u00e0gim tingut el privilegi de tornar a compartir amb ella un retir literari ha estat una&#8230;<\/p>\n","protected":false},"author":1,"featured_media":37891,"comment_status":"open","ping_status":"open","sticky":false,"template":"","format":"image","meta":{"_price":"","_stock":"","_tribe_ticket_header":"","_tribe_default_ticket_provider":"","_tribe_ticket_capacity":"0","_ticket_start_date":"","_ticket_end_date":"","_tribe_ticket_show_description":"","_tribe_ticket_show_not_going":false,"_tribe_ticket_use_global_stock":"","_tribe_ticket_global_stock_level":"","_global_stock_mode":"","_global_stock_cap":"","_tribe_rsvp_for_event":"","_tribe_ticket_going_count":"","_tribe_ticket_not_going_count":"","_tribe_tickets_list":"[]","_tribe_ticket_has_attendee_info_fields":false,"footnotes":""},"categories":[168],"tags":[],"class_list":["post-37889","post","type-post","status-publish","format-image","has-post-thumbnail","hentry","category-sin-categoria","post_format-post-format-image"],"aioseo_notices":[],"_links":{"self":[{"href":"https:\/\/www.entelequiacultura.com\/ca\/wp-json\/wp\/v2\/posts\/37889","targetHints":{"allow":["GET"]}}],"collection":[{"href":"https:\/\/www.entelequiacultura.com\/ca\/wp-json\/wp\/v2\/posts"}],"about":[{"href":"https:\/\/www.entelequiacultura.com\/ca\/wp-json\/wp\/v2\/types\/post"}],"author":[{"embeddable":true,"href":"https:\/\/www.entelequiacultura.com\/ca\/wp-json\/wp\/v2\/users\/1"}],"replies":[{"embeddable":true,"href":"https:\/\/www.entelequiacultura.com\/ca\/wp-json\/wp\/v2\/comments?post=37889"}],"version-history":[{"count":0,"href":"https:\/\/www.entelequiacultura.com\/ca\/wp-json\/wp\/v2\/posts\/37889\/revisions"}],"wp:featuredmedia":[{"embeddable":true,"href":"https:\/\/www.entelequiacultura.com\/ca\/wp-json\/wp\/v2\/media\/37891"}],"wp:attachment":[{"href":"https:\/\/www.entelequiacultura.com\/ca\/wp-json\/wp\/v2\/media?parent=37889"}],"wp:term":[{"taxonomy":"category","embeddable":true,"href":"https:\/\/www.entelequiacultura.com\/ca\/wp-json\/wp\/v2\/categories?post=37889"},{"taxonomy":"post_tag","embeddable":true,"href":"https:\/\/www.entelequiacultura.com\/ca\/wp-json\/wp\/v2\/tags?post=37889"}],"curies":[{"name":"wp","href":"https:\/\/api.w.org\/{rel}","templated":true}]}}