{"id":37876,"date":"2022-12-11T10:40:54","date_gmt":"2022-12-11T09:40:54","guid":{"rendered":"https:\/\/www.entelequiacultura.com\/?p=37876"},"modified":"2022-12-11T10:40:54","modified_gmt":"2022-12-11T09:40:54","slug":"2022","status":"publish","type":"post","link":"https:\/\/www.entelequiacultura.com\/ca\/2022\/","title":{"rendered":"Moments estel\u00b7lars del 2022 en Dante Alighieri i m\u00e9s enll\u00e0"},"content":{"rendered":"<div class=\"row \"><div class=\"wpv-grid grid-1-1  wpv-first-level first unextended\" style=\"padding-top:0px;padding-bottom:0px\" id=\"wpv-column-0b9b09f67cc9ad4b75a16f339353d1e8\" ><div class=\"push\" style='height:30px'><\/div><\/div><\/div>\n<div class=\"row \"><div class=\"wpv-grid grid-1-1  wpv-first-level first unextended\" style=\"padding-top:0px;padding-bottom:0px\" id=\"wpv-column-a133ff20301f20090272f3e7b071f464\" ><p>Falten pocs dies perqu\u00e8 finalitzi el 2022 i amb ell el nostre primer lustre d&#8217;exist\u00e8ncia. En aquests cinc anys hem comptat amb m\u00e9s de trenta saga\u00e7os <a href=\"https:\/\/www.entelequiacultura.com\/ca\/autors\/\">mestres.<\/a><\/p>\n<p>Durant aquest darrer any, a m\u00e9s dels retirs culturals que hem gaudit amb <strong>Pedro Olalla<\/strong>, <strong>Sara Mesa<\/strong>, <strong>Jes\u00fas Aguado<\/strong>, <strong>Raquel Lanseros<\/strong> i <strong>Maurici Wiesenthal<\/strong>, tamb\u00e9 va succeir la m\u00e0gia en Dante Alighieri, on vam comen\u00e7ar al gener amb un seminari de <strong>Selma Ancira<\/strong>, qui ens va mostrar un retrat de Tolstoi viu i en moviment, donant-nos-el a con\u00e8ixer a trav\u00e9s de diversos aspectes de la seva personalitat, els seus interessos, les seves prefer\u00e8ncia liter\u00e0ries, les seves relacions amb amics i familiars o les seves opinions sobre les seves pr\u00f2pies obres. El seminari va propiciar una nova trobada amb l&#8217;autora i els participants a Taradell, a casa d&#8217;en Vicent que ens va delectar amb la seva hospitalitat i amb una aut\u00e8ntica paella val\u00e8ncia.<\/p>\n<p>Seguint rigorosament l&#8217;auguri de <strong>Josep Maria Esquirol<\/strong> durant el nostre retir amb ell a l&#8217;octubre de l&#8217;any anterior \u00abno hi ha trobada sense retrobament\u00bb, al febrer vam poder complir-lo gr\u00e0cies, una vegada m\u00e9s, a una de les participants, Dolors Feixas, qui va organitzar una trobada sorpresa amb ell coincidint amb la confer\u00e8ncia d&#8217;inauguraci\u00f3 de &#8220;Cultura Matem\u00e0tica&#8221; en la universitat Blanquerna de Barcelona.<\/p>\n<p>Al mar\u00e7, vam anar a la recerca de la imaginaci\u00f3 perduda gr\u00e0cies a la talentosa i estimada amiga <strong>Laura Fern\u00e1ndez<\/strong>, que va impartir un taller divertid\u00edssim i m\u00e9s que fruct\u00edfer.\u00a0Com deia Thomas Pynchon, \u201ctots som una sala plena de gent\u201d i amb ella vam tenir l&#8217;oportunitat de con\u00e8ixer-la i compartir-la.<\/p>\n<p><strong>Victoria Cirlot<\/strong> ens va visitar per primera vegada al maig per a abordar el fenomen visionari des de la m\u00edstica femenina medieval, l&#8217;art rom\u00e0nic i la creaci\u00f3 art\u00edstica del segle XX. Vam gaudir l&#8217;experi\u00e8ncia amb amics i amigues que van venir expressament des de Andorra, It\u00e0lia o Girona, a m\u00e9s dels participants de Barcelona.<\/p>\n<p>Despr\u00e9s dels diversos retirs que vam fer fora de la ciutat al maig i juny, <strong>Valeria Correa Fiz<\/strong> va venir des de Madrid per a aprofundir en els mecanismes que creguin tensi\u00f3 en l&#8217;escriptura, en les seves diverses modalitats: tensi\u00f3 en el plantejament, tensi\u00f3 estil\u00edstica, tensi\u00f3 estructural i tensi\u00f3 en les atmosferes. Quina sort vam tenir d&#8217;aprendre amb ella i gaudir del seu talent i el seu afecte!<\/p>\n<p>A l&#8217;octubre, <strong>Jes\u00fas Aguado<\/strong> va tornar a Entel\u00e8quia. En aquesta oportunitat va impatir un taller sobre poesia er\u00f2tica, on vam llegir\u00a0poemes er\u00f2tic-amatoris de moltes tradicions antigues (l&#8217;\u00cdndia, la Xina, el Jap\u00f3, del m\u00f3n \u00e0rab, els trobadors, els pobles primitius, l&#8217;Edat mitjana, el Renaixement, etc.) i modernes (els grans autors dels segles XIX i XX: des de Keatsfins a Ana Rossetti) i vam analitzar els seus recursos i mons.<\/p>\n<p>El nostre darrer taller de l&#8217;any va ser amb\u00a0<strong>Victoria Cirlot<\/strong>\u00a0que ens va tornar a enlluernar amb la seva saviesa abordant el mite del greal des dels textos medievals i la seva iconografia en la seva etapa de construcci\u00f3. Un taller que ens va permetre\u00a0comprendre a quina pregunta hist\u00f2rica va respondre aquesta po\u00e8tica del greal i\u00a0plantejar-nos si el mite continua responent-nos en la modernitat a q\u00fcestions centrals de la nostra exist\u00e8ncia, com ara la vida concebuda com una cerca incessant de sentit, la necessitat de reconeixement \u201cde l&#8217;altre\u201d i el sentiment compassiu davant la dissort i el sofriment.<\/p>\n<p>Arrencarem el <strong>2023<\/strong> amb il\u00b7lusions renovades, m\u00e9s si cap, i amb alguna sorpresa que us\u00a0anunciarem pr\u00f2ximament.<\/p>\n<p>GRACIES per ser-hi!<\/div><\/div>\n<div class=\"push\" style='height:30px'><\/div>\n","protected":false},"excerpt":{"rendered":"<p>Falten pocs dies perqu\u00e8 finalitzi el 2022 i amb ell el nostre primer lustre d&#8217;exist\u00e8ncia. En aquests cinc anys hem comptat amb m\u00e9s de trenta saga\u00e7os mestres. Durant aquest darrer&#8230;<\/p>\n","protected":false},"author":1,"featured_media":37887,"comment_status":"closed","ping_status":"open","sticky":false,"template":"","format":"image","meta":{"_price":"","_stock":"","_tribe_ticket_header":"","_tribe_default_ticket_provider":"","_tribe_ticket_capacity":"0","_ticket_start_date":"","_ticket_end_date":"","_tribe_ticket_show_description":"","_tribe_ticket_show_not_going":false,"_tribe_ticket_use_global_stock":"","_tribe_ticket_global_stock_level":"","_global_stock_mode":"","_global_stock_cap":"","_tribe_rsvp_for_event":"","_tribe_ticket_going_count":"","_tribe_ticket_not_going_count":"","_tribe_tickets_list":"[]","_tribe_ticket_has_attendee_info_fields":false,"footnotes":""},"categories":[168],"tags":[],"class_list":["post-37876","post","type-post","status-publish","format-image","has-post-thumbnail","hentry","category-sin-categoria","post_format-post-format-image"],"aioseo_notices":[],"_links":{"self":[{"href":"https:\/\/www.entelequiacultura.com\/ca\/wp-json\/wp\/v2\/posts\/37876","targetHints":{"allow":["GET"]}}],"collection":[{"href":"https:\/\/www.entelequiacultura.com\/ca\/wp-json\/wp\/v2\/posts"}],"about":[{"href":"https:\/\/www.entelequiacultura.com\/ca\/wp-json\/wp\/v2\/types\/post"}],"author":[{"embeddable":true,"href":"https:\/\/www.entelequiacultura.com\/ca\/wp-json\/wp\/v2\/users\/1"}],"replies":[{"embeddable":true,"href":"https:\/\/www.entelequiacultura.com\/ca\/wp-json\/wp\/v2\/comments?post=37876"}],"version-history":[{"count":0,"href":"https:\/\/www.entelequiacultura.com\/ca\/wp-json\/wp\/v2\/posts\/37876\/revisions"}],"wp:featuredmedia":[{"embeddable":true,"href":"https:\/\/www.entelequiacultura.com\/ca\/wp-json\/wp\/v2\/media\/37887"}],"wp:attachment":[{"href":"https:\/\/www.entelequiacultura.com\/ca\/wp-json\/wp\/v2\/media?parent=37876"}],"wp:term":[{"taxonomy":"category","embeddable":true,"href":"https:\/\/www.entelequiacultura.com\/ca\/wp-json\/wp\/v2\/categories?post=37876"},{"taxonomy":"post_tag","embeddable":true,"href":"https:\/\/www.entelequiacultura.com\/ca\/wp-json\/wp\/v2\/tags?post=37876"}],"curies":[{"name":"wp","href":"https:\/\/api.w.org\/{rel}","templated":true}]}}