{"id":37535,"date":"2022-06-01T11:56:09","date_gmt":"2022-06-01T09:56:09","guid":{"rendered":"https:\/\/www.entelequiacultura.com\/?p=37535"},"modified":"2022-12-08T13:00:41","modified_gmt":"2022-12-08T12:00:41","slug":"cronicaretirojesusaguado","status":"publish","type":"post","link":"https:\/\/www.entelequiacultura.com\/ca\/cronicaretirojesusaguado\/","title":{"rendered":"Cr\u00f2nica del retir literari amb Jes\u00fas Aguado"},"content":{"rendered":"<div class=\"row \"><div class=\"wpv-grid grid-1-1  wpv-first-level first unextended\" style=\"padding-top:0px;padding-bottom:0px\" id=\"wpv-column-7c8b0d551dbf9f10b6a156c65a006bb3\" ><div class=\"push\" style='height:30px'><\/div><\/div><\/div>\n<div class=\"row \"><div class=\"wpv-grid grid-1-1  wpv-first-level first unextended\" style=\"padding-top:0px;padding-bottom:0px\" id=\"wpv-column-780b5d21f573ac288750748104dede5e\" ><p>El m\u00f3n \u00e9s gran, per\u00f2 el bell i la veritat s&#8217;amaguen en el petit. El m\u00f3n va molt r\u00e0pid, per\u00f2 el que li dona sentit \u00e9s el que no es va, el que es queda un instant encara, el que roman, el que dura o reverbera o transcorre sense haver-li de res al temps, que no es fixa en ell, ni a l&#8217;eternitat, que ho menysprea per insignificant o diminut. El m\u00f3n \u00e9s grandiloq\u00fcent i absolut, per\u00f2 \u00e9s en el silenci, en l&#8217;humil i en el proper on un pot trobar una po\u00e8tica que tamb\u00e9 \u00e9s una \u00e8tica: la po\u00e8tica de l&#8217;\u00e0nima dels \u00e9ssers m\u00ednims que ens envolten.<\/p>\n<p>Parafrasejant l&#8217;Ana Rossetti, intentar abocar el cosmos del viscut i compartit durant aquest retir literari en el nostre vocabulari insuficient \u00e9s una gosadia, aix\u00ed que per aqu\u00ed deixem algunes imatges que immortalitzen la trobada, com ho est\u00e0 des de llavors en els nostres cors.<\/p>\n<p>Gr\u00e0cies, Jes\u00fas, per compartir la teva m\u00e0gia, gr\u00e0cies amics i amigues per formar part del tendal, per ser fam\u00edlia.<\/div><\/div>\n<div class=\"push\" style='height:30px'><\/div>\n<div class=\"row \"><div class=\"wpv-grid grid-1-1  wpv-first-level first unextended\" style=\"padding-top:0px;padding-bottom:0px\" id=\"wpv-column-0eb209db557af524e107050a7d4662a6\" ><div class=\"wpv-video-frame\"><iframe loading=\"lazy\" title=\"El lenguaje secreto de la poes\u00eda (Jes\u00fas Aguado)\" width=\"1260\" height=\"709\" src=\"https:\/\/www.youtube.com\/embed\/EpN6-KgOVPY?feature=oembed\" frameborder=\"0\" allow=\"accelerometer; autoplay; clipboard-write; encrypted-media; gyroscope; picture-in-picture\" allowfullscreen><\/iframe><\/div><\/div><\/div>\n","protected":false},"excerpt":{"rendered":"<p>El m\u00f3n \u00e9s gran, per\u00f2 el bell i la veritat s&#8217;amaguen en el petit. El m\u00f3n va molt r\u00e0pid, per\u00f2 el que li dona sentit \u00e9s el que no es&#8230;<\/p>\n","protected":false},"author":1,"featured_media":37537,"comment_status":"open","ping_status":"open","sticky":false,"template":"","format":"image","meta":{"_price":"","_stock":"","_tribe_ticket_header":"","_tribe_default_ticket_provider":"","_tribe_ticket_capacity":"0","_ticket_start_date":"","_ticket_end_date":"","_tribe_ticket_show_description":"","_tribe_ticket_show_not_going":false,"_tribe_ticket_use_global_stock":"","_tribe_ticket_global_stock_level":"","_global_stock_mode":"","_global_stock_cap":"","_tribe_rsvp_for_event":"","_tribe_ticket_going_count":"","_tribe_ticket_not_going_count":"","_tribe_tickets_list":"[]","_tribe_ticket_has_attendee_info_fields":false,"footnotes":""},"categories":[168],"tags":[],"class_list":["post-37535","post","type-post","status-publish","format-image","has-post-thumbnail","hentry","category-sin-categoria","post_format-post-format-image"],"aioseo_notices":[],"_links":{"self":[{"href":"https:\/\/www.entelequiacultura.com\/ca\/wp-json\/wp\/v2\/posts\/37535","targetHints":{"allow":["GET"]}}],"collection":[{"href":"https:\/\/www.entelequiacultura.com\/ca\/wp-json\/wp\/v2\/posts"}],"about":[{"href":"https:\/\/www.entelequiacultura.com\/ca\/wp-json\/wp\/v2\/types\/post"}],"author":[{"embeddable":true,"href":"https:\/\/www.entelequiacultura.com\/ca\/wp-json\/wp\/v2\/users\/1"}],"replies":[{"embeddable":true,"href":"https:\/\/www.entelequiacultura.com\/ca\/wp-json\/wp\/v2\/comments?post=37535"}],"version-history":[{"count":0,"href":"https:\/\/www.entelequiacultura.com\/ca\/wp-json\/wp\/v2\/posts\/37535\/revisions"}],"wp:featuredmedia":[{"embeddable":true,"href":"https:\/\/www.entelequiacultura.com\/ca\/wp-json\/wp\/v2\/media\/37537"}],"wp:attachment":[{"href":"https:\/\/www.entelequiacultura.com\/ca\/wp-json\/wp\/v2\/media?parent=37535"}],"wp:term":[{"taxonomy":"category","embeddable":true,"href":"https:\/\/www.entelequiacultura.com\/ca\/wp-json\/wp\/v2\/categories?post=37535"},{"taxonomy":"post_tag","embeddable":true,"href":"https:\/\/www.entelequiacultura.com\/ca\/wp-json\/wp\/v2\/tags?post=37535"}],"curies":[{"name":"wp","href":"https:\/\/api.w.org\/{rel}","templated":true}]}}