{"id":37250,"date":"2022-05-15T10:49:00","date_gmt":"2022-05-15T08:49:00","guid":{"rendered":"https:\/\/www.entelequiacultura.com\/?p=37250"},"modified":"2022-12-06T10:49:59","modified_gmt":"2022-12-06T09:49:59","slug":"cronicapedroolalla","status":"publish","type":"post","link":"https:\/\/www.entelequiacultura.com\/ca\/cronicapedroolalla\/","title":{"rendered":"L&#8217;humanisme com a actitud individual de cultiu i de resist\u00e8ncia (cr\u00f2nica del retir amb Pedro Olalla)"},"content":{"rendered":"<div class=\"row \"><div class=\"wpv-grid grid-1-1  wpv-first-level first unextended\" style=\"padding-top:0px;padding-bottom:0px\" id=\"wpv-column-f1d467d278983e0fdd249323c0bf8f9d\" ><div class=\"push\" style='height:30px'><\/div><\/div><\/div>\n<div class=\"row \"><div class=\"wpv-grid grid-1-1  wpv-first-level first unextended\" style=\"padding-top:0px;padding-bottom:0px\" id=\"wpv-column-1b17b3819322642d52fbe5e43db33f28\" ><p>La perseveran\u00e7a ens va brindar l&#8217;oportunitat de poder gaudir, per fi, de la lucidesa, generositat i l&#8217;afecte de Pedro Olalla. Dues vegades vam haver de suspendre la nostra trobada, a causa de la pand\u00e8mia, per\u00f2, com apunta el dit popular, a la tercera vam v\u00e8ncer i vam poder viure l&#8217;experi\u00e8ncia de dialogar i reflexionar amb ell sobre la necessitat de l&#8217;Humanisme, ent\u00e8s com a realitat hist\u00f2rica, per\u00f2, sobretot, com una actitud individual de cultiu i de resist\u00e8ncia. Perqu\u00e8, com ens va fer veure, la resist\u00e8ncia \u00e9s el propi de l&#8217;Humanisme que, travessant els segles, arriba fins nosaltres. L&#8217;Humanisme \u00e9s aprendre a utilitzar el nostre potencial de manera s\u00e0via i solid\u00e0ria, ens va dir, i \u00e9s necess\u00e0ria la reflexi\u00f3 urgent entorn d&#8217;ell, sobretot, en aquest temps present en qu\u00e8 el sistema establert tendeix a devaluar aquesta formaci\u00f3 com a sumptu\u00e0ria i aliena al mercat, i davant un temps futur que amena\u00e7a amb estar marcat, no ja per la secular explotaci\u00f3 de l&#8217;home per l&#8217;home, sin\u00f3 per la silenciosa indifer\u00e8ncia de l&#8217;home cap a l&#8217;home.<\/p>\n<p>Com a suport literari, per a indagar en l&#8217;actitud humanista i en aquest calidosc\u00f2pic concepte grec \u2013la aristeia\u2013 que ens desafia, no ja a ser millors que els altres, sin\u00f3 millors que nosaltres mateixos, van acudir a la seva \u201cTrilogia de la Aristeia\u201d\u2013 <em>Historia menor de Gr\u00e9cia<\/em>, <em>Gr\u00e9cia en el aire<\/em>, i <em>De senectute politica\u00a0<\/em>\u2013, i, per descomptat, a la seva flamant Palabras del Egeo, que, si encara no ho heu fet, us recomanem llegir.<\/p>\n<p>La trobada va tenir lloc en el preci\u00f3s hotel Diana, situat a Tossa de Mar, empla\u00e7ament que ens va permetre gaudir de relaxats passejos emmarcats per un paisatge, com el mateix Pedro Olalla va apuntar, molt de l&#8217;Egeu.<\/p>\n<p>Gr\u00e0cies infinites, Pedro, per permetre&#8217;ns viatjar al passat i poder analitzar, junts, el nostre present, gr\u00e0cies per contagiar-nos el teu inspirador comprom\u00eds. I gr\u00e0cies immenses a tots els amics i amigues que ens van acompanyar i que, tamb\u00e9 amb la seva perseveran\u00e7a, van fer possible aquest anhelat i inoblidable trobada.<\/div><\/div>\n<div class=\"push\" style='height:30px'><\/div>\n","protected":false},"excerpt":{"rendered":"<p>La perseveran\u00e7a ens va brindar l&#8217;oportunitat de poder gaudir, per fi, de la lucidesa, generositat i l&#8217;afecte de Pedro Olalla. Dues vegades vam haver de suspendre la nostra trobada, a&#8230;<\/p>\n","protected":false},"author":1,"featured_media":37519,"comment_status":"open","ping_status":"open","sticky":false,"template":"","format":"image","meta":{"_price":"","_stock":"","_tribe_ticket_header":"","_tribe_default_ticket_provider":"","_tribe_ticket_capacity":"0","_ticket_start_date":"","_ticket_end_date":"","_tribe_ticket_show_description":"","_tribe_ticket_show_not_going":false,"_tribe_ticket_use_global_stock":"","_tribe_ticket_global_stock_level":"","_global_stock_mode":"","_global_stock_cap":"","_tribe_rsvp_for_event":"","_tribe_ticket_going_count":"","_tribe_ticket_not_going_count":"","_tribe_tickets_list":"[]","_tribe_ticket_has_attendee_info_fields":false,"footnotes":""},"categories":[168],"tags":[],"class_list":["post-37250","post","type-post","status-publish","format-image","has-post-thumbnail","hentry","category-sin-categoria","post_format-post-format-image"],"aioseo_notices":[],"_links":{"self":[{"href":"https:\/\/www.entelequiacultura.com\/ca\/wp-json\/wp\/v2\/posts\/37250","targetHints":{"allow":["GET"]}}],"collection":[{"href":"https:\/\/www.entelequiacultura.com\/ca\/wp-json\/wp\/v2\/posts"}],"about":[{"href":"https:\/\/www.entelequiacultura.com\/ca\/wp-json\/wp\/v2\/types\/post"}],"author":[{"embeddable":true,"href":"https:\/\/www.entelequiacultura.com\/ca\/wp-json\/wp\/v2\/users\/1"}],"replies":[{"embeddable":true,"href":"https:\/\/www.entelequiacultura.com\/ca\/wp-json\/wp\/v2\/comments?post=37250"}],"version-history":[{"count":0,"href":"https:\/\/www.entelequiacultura.com\/ca\/wp-json\/wp\/v2\/posts\/37250\/revisions"}],"wp:featuredmedia":[{"embeddable":true,"href":"https:\/\/www.entelequiacultura.com\/ca\/wp-json\/wp\/v2\/media\/37519"}],"wp:attachment":[{"href":"https:\/\/www.entelequiacultura.com\/ca\/wp-json\/wp\/v2\/media?parent=37250"}],"wp:term":[{"taxonomy":"category","embeddable":true,"href":"https:\/\/www.entelequiacultura.com\/ca\/wp-json\/wp\/v2\/categories?post=37250"},{"taxonomy":"post_tag","embeddable":true,"href":"https:\/\/www.entelequiacultura.com\/ca\/wp-json\/wp\/v2\/tags?post=37250"}],"curies":[{"name":"wp","href":"https:\/\/api.w.org\/{rel}","templated":true}]}}