{"id":36416,"date":"2021-12-01T10:37:35","date_gmt":"2021-12-01T09:37:35","guid":{"rendered":"https:\/\/www.entelequiacultura.com\/?p=36416"},"modified":"2021-12-05T10:44:49","modified_gmt":"2021-12-05T09:44:49","slug":"cronicaretirjerez","status":"publish","type":"post","link":"https:\/\/www.entelequiacultura.com\/ca\/cronicaretirjerez\/","title":{"rendered":"Cr\u00f2nica del retir literari &#8216;La escriptura diar\u00edstica&#8217; amb Mar\u00eda Alcantarilla"},"content":{"rendered":"<div class=\"row \"><div class=\"wpv-grid grid-1-1  wpv-first-level first unextended\" style=\"padding-top:0px;padding-bottom:0px\" id=\"wpv-column-5e2bf9876c6e0599ccf2601a7b5f1e4b\" ><div class=\"push\" style='height:30px'><\/div><\/div><\/div>\n<div class=\"row \"><div class=\"wpv-grid grid-1-1  wpv-first-level first unextended\" style=\"padding-top:0px;padding-bottom:0px\" id=\"wpv-column-f165476357ea9e85c753906f77b2effc\" ><p>El passat cap de setmana vam realitzar el nostre \u00faltim retir del 2021 i en aquesta oportunitat ho vam fer a Andalusia. Concretament a Jerez de la Frontera (Cadis). <strong><span class=\"hiddenSpellError\">Mar\u00eda<\/span> Alcantarilla<\/strong> va impartir un seminari sobre <strong>l&#8217;escriptura <span class=\"hiddenSpellError\">diar\u00edstica<\/span> com a projecte literari<\/strong>. Una aposta per transcendir les configuracions discursives que habitualment associem amb aquesta mena d&#8217;escriptura per a intentar desgranar totes les possibilitats liter\u00e0ries que el present ens ofereix com a escriptors i escriptores.<\/p>\n<p>L&#8217;esperit inquiet i gener\u00f3s de <span class=\"hiddenSpellError\">Mar\u00eda<\/span>, juntament amb els seus ampl\u00edssims coneixements literaris, la converteixen en una professora extraordin\u00e0ria, com tamb\u00e9 ho \u00e9s la seva qualitat humana.<\/p>\n<p>Vam tenir la sort de compartir l&#8217;experi\u00e8ncia amb amigues que ja pertanyien a aquesta fam\u00edlia i amb altres noves que ara ja formen part d&#8217;ella. La fam\u00edlia Entel\u00e8quia creix al comp\u00e0s del nostre entusiasme i de la certesa que res ens apassiona m\u00e9s que teixir lla\u00e7os intel\u00b7lectuals i afectius entre les persones que assisteixen als nostres retirs. La literatura, en aquest cas, ha servit de pont per a acostar a persones de Barcelona, C\u00e0ceres, Badajoz, M\u00e0laga, Huelva i Cadis amb els qui hem compartit coneixements, escriptura, lectura, escolta, empatia, jocs, riures i afecte sincer.<\/p>\n<p>Aix\u00ed que GR\u00c0CIES reiterades, per tant, a <span class=\"hiddenSpellError\">Mar\u00eda<\/span>, <span class=\"hiddenSpellError\">Javi<\/span>, <span class=\"hiddenSpellError\">F\u00e1tima<\/span>, Fernando, <span class=\"hiddenSpellError\">Arturo<\/span>, <span class=\"hiddenSpellError\">Soco<\/span>, Rafi, Lorena, Elena, Bel, Isabel, Cristina, <span class=\"hiddenSpellError\">M\u00f3nica<\/span>, Lola i <span class=\"hiddenGrammarError\">Ana<\/span>.<\/p>\n<p>I a continuaci\u00f3 us deixem, en format v\u00eddeo, una recopilaci\u00f3 d&#8217;imatges que complementen l&#8217;escrit.<\/div><\/div>\n<div class=\"push\" style='height:30px'><\/div>\n<div class=\"row \"><div class=\"wpv-grid grid-1-1  wpv-first-level first unextended\" style=\"padding-top:0px;padding-bottom:0px\" id=\"wpv-column-7ff7a6b88ed55a3d8346ad6c5a2470b2\" ><div class=\"wpv-video-frame\"><iframe loading=\"lazy\" title=\"La escritura diar\u00edstica como proyecto literario (Mar\u00eda Alcantarilla)\" width=\"1260\" height=\"709\" src=\"https:\/\/www.youtube.com\/embed\/GTWPGyW8dEs?feature=oembed\" frameborder=\"0\" allow=\"accelerometer; autoplay; clipboard-write; encrypted-media; gyroscope; picture-in-picture\" allowfullscreen><\/iframe><\/div><\/div><\/div>\n","protected":false},"excerpt":{"rendered":"<p>El passat cap de setmana vam realitzar el nostre \u00faltim retir del 2021 i en aquesta oportunitat ho vam fer a Andalusia. Concretament a Jerez de la Frontera (Cadis). Mar\u00eda&#8230;<\/p>\n","protected":false},"author":1,"featured_media":36434,"comment_status":"open","ping_status":"open","sticky":false,"template":"","format":"image","meta":{"_price":"","_stock":"","_tribe_ticket_header":"","_tribe_default_ticket_provider":"","_tribe_ticket_capacity":"0","_ticket_start_date":"","_ticket_end_date":"","_tribe_ticket_show_description":"","_tribe_ticket_show_not_going":false,"_tribe_ticket_use_global_stock":"","_tribe_ticket_global_stock_level":"","_global_stock_mode":"","_global_stock_cap":"","_tribe_rsvp_for_event":"","_tribe_ticket_going_count":"","_tribe_ticket_not_going_count":"","_tribe_tickets_list":"[]","_tribe_ticket_has_attendee_info_fields":false,"footnotes":""},"categories":[168],"tags":[],"class_list":["post-36416","post","type-post","status-publish","format-image","has-post-thumbnail","hentry","category-sin-categoria","post_format-post-format-image"],"aioseo_notices":[],"_links":{"self":[{"href":"https:\/\/www.entelequiacultura.com\/ca\/wp-json\/wp\/v2\/posts\/36416","targetHints":{"allow":["GET"]}}],"collection":[{"href":"https:\/\/www.entelequiacultura.com\/ca\/wp-json\/wp\/v2\/posts"}],"about":[{"href":"https:\/\/www.entelequiacultura.com\/ca\/wp-json\/wp\/v2\/types\/post"}],"author":[{"embeddable":true,"href":"https:\/\/www.entelequiacultura.com\/ca\/wp-json\/wp\/v2\/users\/1"}],"replies":[{"embeddable":true,"href":"https:\/\/www.entelequiacultura.com\/ca\/wp-json\/wp\/v2\/comments?post=36416"}],"version-history":[{"count":0,"href":"https:\/\/www.entelequiacultura.com\/ca\/wp-json\/wp\/v2\/posts\/36416\/revisions"}],"wp:featuredmedia":[{"embeddable":true,"href":"https:\/\/www.entelequiacultura.com\/ca\/wp-json\/wp\/v2\/media\/36434"}],"wp:attachment":[{"href":"https:\/\/www.entelequiacultura.com\/ca\/wp-json\/wp\/v2\/media?parent=36416"}],"wp:term":[{"taxonomy":"category","embeddable":true,"href":"https:\/\/www.entelequiacultura.com\/ca\/wp-json\/wp\/v2\/categories?post=36416"},{"taxonomy":"post_tag","embeddable":true,"href":"https:\/\/www.entelequiacultura.com\/ca\/wp-json\/wp\/v2\/tags?post=36416"}],"curies":[{"name":"wp","href":"https:\/\/api.w.org\/{rel}","templated":true}]}}