{"id":36340,"date":"2020-10-20T08:47:31","date_gmt":"2020-10-20T06:47:31","guid":{"rendered":"https:\/\/www.entelequiacultura.com\/?p=36340"},"modified":"2021-11-19T17:30:45","modified_gmt":"2021-11-19T16:30:45","slug":"retirjoancarlesmelichtossa","status":"publish","type":"post","link":"https:\/\/www.entelequiacultura.com\/ca\/retirjoancarlesmelichtossa\/","title":{"rendered":"Retir filos\u00f2fic amb Joan-Carles M\u00e8lich en Tossa de Mar"},"content":{"rendered":"<div class=\"row \"><div class=\"wpv-grid grid-1-1  wpv-first-level first unextended\" style=\"padding-top:0px;padding-bottom:0px\" id=\"wpv-column-c535ed2a04005331548348ae50a85a23\" ><div class=\"push\" style='height:30px'><\/div><\/div><\/div>\n<div class=\"row \"><div class=\"wpv-grid grid-1-1  wpv-first-level first unextended\" style=\"padding-top:0px;padding-bottom:0px\" id=\"wpv-column-320078d46aba65af9d6d0bbf6ccc687c\" ><p>El passat cap de setmana Joan-Carles M\u00e8lich ens proposava, en el seminari &#8216;<strong>Literatura, finitud i fragilitat<\/strong>&#8216;, que va impartir durant el nostre retir en Tossa de Mar, pensar el m\u00f3n i la vida des d&#8217;una perspectiva liter\u00e0ria o po\u00e8tica, \u00e9s a dir amb un \u00abpensament lector\u00bb. Per a ell, la lectura no \u00e9s solament alguna cosa que un realitza de tant en tant, sin\u00f3 una manera de ser en el m\u00f3n, una forma de vida.<\/p>\n<p>A partir d&#8217;exemples literaris i filos\u00f2fics (S\u00f2focles, Plat\u00f3, la B\u00edblia, Montaigne, Cervantes, Shakespeare, Flaubert, Nietzsche, Dostoievski, Tolstoi, Freud, Kafka, Proust, Joyce, Virgina Woolf, Mar\u00eda Zambrano, Milan Kundera, Philip Roth, Anne Carson\u2026 aix\u00ed com de pel\u00b7l\u00edcules d&#8217;Ingmar Bergman (<em>Sonata de tardor<\/em>), Woody Allen (<em>September<\/em>), Michael Haneke (<em>Funny Games<\/em>) vam conversar sobre la condici\u00f3 humana finita i fr\u00e0gil.<\/p>\n<p>Un cap de setmana entranyable durant el qual no sols vam compartir coneixements, tamb\u00e9 extenses sobretaules, tert\u00falies, passejos enfront de la mar, bon menjar i molt humor.<\/p>\n<p>Sempre \u00e9s una alegria conviure i aprendre d&#8217;un mestre extraordinari com Joan-Carles M\u00e8lich i de tots els amics i amigues que ens van acompanyar.<\/p>\n<div class=\"wpv-video-frame\"><iframe loading=\"lazy\" title=\"Literatura, finitud y fragilidad (Joan-Carles M\u00e8lich)\" width=\"1260\" height=\"709\" src=\"https:\/\/www.youtube.com\/embed\/2FatYNPztas?feature=oembed\" frameborder=\"0\" allow=\"accelerometer; autoplay; clipboard-write; encrypted-media; gyroscope; picture-in-picture\" allowfullscreen><\/iframe><\/div><\/div><\/div>\n","protected":false},"excerpt":{"rendered":"<p>El passat cap de setmana Joan-Carles M\u00e8lich ens proposava, en el seminari &#8216;Literatura, finitud i fragilitat&#8216;, que va impartir durant el nostre retir en Tossa de Mar, pensar el m\u00f3n&#8230;<\/p>\n","protected":false},"author":1,"featured_media":36342,"comment_status":"open","ping_status":"open","sticky":false,"template":"","format":"image","meta":{"_price":"","_stock":"","_tribe_ticket_header":"","_tribe_default_ticket_provider":"","_tribe_ticket_capacity":"0","_ticket_start_date":"","_ticket_end_date":"","_tribe_ticket_show_description":"","_tribe_ticket_show_not_going":false,"_tribe_ticket_use_global_stock":"","_tribe_ticket_global_stock_level":"","_global_stock_mode":"","_global_stock_cap":"","_tribe_rsvp_for_event":"","_tribe_ticket_going_count":"","_tribe_ticket_not_going_count":"","_tribe_tickets_list":"[]","_tribe_ticket_has_attendee_info_fields":false,"footnotes":""},"categories":[168],"tags":[],"class_list":["post-36340","post","type-post","status-publish","format-image","has-post-thumbnail","hentry","category-sin-categoria","post_format-post-format-image"],"aioseo_notices":[],"_links":{"self":[{"href":"https:\/\/www.entelequiacultura.com\/ca\/wp-json\/wp\/v2\/posts\/36340","targetHints":{"allow":["GET"]}}],"collection":[{"href":"https:\/\/www.entelequiacultura.com\/ca\/wp-json\/wp\/v2\/posts"}],"about":[{"href":"https:\/\/www.entelequiacultura.com\/ca\/wp-json\/wp\/v2\/types\/post"}],"author":[{"embeddable":true,"href":"https:\/\/www.entelequiacultura.com\/ca\/wp-json\/wp\/v2\/users\/1"}],"replies":[{"embeddable":true,"href":"https:\/\/www.entelequiacultura.com\/ca\/wp-json\/wp\/v2\/comments?post=36340"}],"version-history":[{"count":0,"href":"https:\/\/www.entelequiacultura.com\/ca\/wp-json\/wp\/v2\/posts\/36340\/revisions"}],"wp:featuredmedia":[{"embeddable":true,"href":"https:\/\/www.entelequiacultura.com\/ca\/wp-json\/wp\/v2\/media\/36342"}],"wp:attachment":[{"href":"https:\/\/www.entelequiacultura.com\/ca\/wp-json\/wp\/v2\/media?parent=36340"}],"wp:term":[{"taxonomy":"category","embeddable":true,"href":"https:\/\/www.entelequiacultura.com\/ca\/wp-json\/wp\/v2\/categories?post=36340"},{"taxonomy":"post_tag","embeddable":true,"href":"https:\/\/www.entelequiacultura.com\/ca\/wp-json\/wp\/v2\/tags?post=36340"}],"curies":[{"name":"wp","href":"https:\/\/api.w.org\/{rel}","templated":true}]}}