{"id":35055,"date":"2021-04-18T08:34:31","date_gmt":"2021-04-18T06:34:31","guid":{"rendered":"https:\/\/www.entelequiacultura.com\/?p=35055"},"modified":"2021-04-20T08:46:01","modified_gmt":"2021-04-20T06:46:01","slug":"charlapablodors-2","status":"publish","type":"post","link":"https:\/\/www.entelequiacultura.com\/ca\/charlapablodors-2\/","title":{"rendered":"Ceguesa i il\u00b7luminaci\u00f3 del deixeble"},"content":{"rendered":"<div class=\"row \"><div class=\"wpv-grid grid-1-1  wpv-first-level first unextended\" style=\"padding-top:0px;padding-bottom:0px\" id=\"wpv-column-d3591869701b7fab9bec395b87d7e846\" ><div class=\"push\" style='height:30px'><\/div><\/div><\/div>\n<div class=\"row \"><div class=\"wpv-grid grid-1-1  wpv-first-level first unextended\" style=\"padding-top:0px;padding-bottom:0px\" id=\"wpv-column-3922bf81b0429d37cbe1f5456ed23cc0\" ><p>Dijous vam tenir l&#8217;oportunitat de mantenir una xerrada \u00edntima amb l&#8217;escriptor i sacerdot Pablo d\u2019Ors que va titular sota el sintagma &#8220;<strong>ceguesa i il\u00b7luminaci\u00f3 del deixeble<\/strong>&#8221; i amb el subt\u00edtol \u201c<strong>nostre jo profund crida a la recerca de la seva veritable identitat<\/strong>\u201d.<\/p>\n<p>La intenci\u00f3 d&#8217;aquesta exposici\u00f3, i posterior col\u00b7loqui, era compartir algunes idees que poguessin resultar il\u00b7luminadores per a tots nosaltres. A partir de la seva experi\u00e8ncia personal, ens va explicar com la pr\u00e0ctica meditativa ho va portar al silenci interior i aquest a la il\u00b7luminaci\u00f3, entesa no com una experi\u00e8ncia est\u00e0tica extraordin\u00e0ria sin\u00f3 com una major claredat interior. El cam\u00ed del silenci a la llum evidentment no \u00e9s una experi\u00e8ncia pl\u00e0cida, m\u00e9s aviat es tracta d&#8217;un combat ja que en el recorregut trobem molta foscor en el nostre cor. El primer que notem \u00e9s inquietud corporal, en segon lloc\u00a0distracci\u00f3 mental i despr\u00e9s el que podr\u00edem dir <strong>l&#8217;ombra<\/strong> en termes de Jung o<strong> l&#8217;inconscient<\/strong> en termes de Freud.<\/p>\n<p>Per a no perdre&#8217;ns pel cam\u00ed \u00e9s necessari seguir algun tipus de mapa. Ell ho ha trobat en l&#8217;Evangeli, no com a text hist\u00f2ric o teol\u00f2gic sin\u00f3 com a text <strong>m\u00edstic<\/strong>, com a arquetip del nostre ser m\u00e9s profund. Aix\u00f2 \u00e9s el que trobem en el seu llibre \u201cBiografia de la llum\u201d (Gal\u00e0xia Gutenberg, 2021), una esp\u00e8cie de manual po\u00e8tic de la interioritat, en el qual es presenten algunes de les imatges i met\u00e0fores que esbossen els evangelistes i que s\u00f3n aut\u00e8ntics miralls de la identitat humana, una invitaci\u00f3 a mirar-nos per dins. A adonar-nos que la vida no est\u00e0 lluny o fora, sin\u00f3 dins i aqu\u00ed.<\/p>\n<p>Va ser un veritable plaer poder compartir aquest temps de xerrada amb un dels pensadors m\u00e9s rellevants del panorama actual, amb una persona amb una humanitat, humilitat i sentit de l&#8217;humor extraordinaris.<\/div><\/div>\n","protected":false},"excerpt":{"rendered":"<p>Dijous vam tenir l&#8217;oportunitat de mantenir una xerrada \u00edntima amb l&#8217;escriptor i sacerdot Pablo d\u2019Ors que va titular sota el sintagma &#8220;ceguesa i il\u00b7luminaci\u00f3 del deixeble&#8221; i amb el subt\u00edtol&#8230;<\/p>\n","protected":false},"author":1,"featured_media":35024,"comment_status":"open","ping_status":"open","sticky":false,"template":"","format":"image","meta":{"_price":"","_stock":"","_tribe_ticket_header":"","_tribe_default_ticket_provider":"","_tribe_ticket_capacity":"0","_ticket_start_date":"","_ticket_end_date":"","_tribe_ticket_show_description":"","_tribe_ticket_show_not_going":false,"_tribe_ticket_use_global_stock":"","_tribe_ticket_global_stock_level":"","_global_stock_mode":"","_global_stock_cap":"","_tribe_rsvp_for_event":"","_tribe_ticket_going_count":"","_tribe_ticket_not_going_count":"","_tribe_tickets_list":"[]","_tribe_ticket_has_attendee_info_fields":false,"footnotes":""},"categories":[168],"tags":[],"class_list":["post-35055","post","type-post","status-publish","format-image","has-post-thumbnail","hentry","category-sin-categoria","post_format-post-format-image"],"aioseo_notices":[],"_links":{"self":[{"href":"https:\/\/www.entelequiacultura.com\/ca\/wp-json\/wp\/v2\/posts\/35055","targetHints":{"allow":["GET"]}}],"collection":[{"href":"https:\/\/www.entelequiacultura.com\/ca\/wp-json\/wp\/v2\/posts"}],"about":[{"href":"https:\/\/www.entelequiacultura.com\/ca\/wp-json\/wp\/v2\/types\/post"}],"author":[{"embeddable":true,"href":"https:\/\/www.entelequiacultura.com\/ca\/wp-json\/wp\/v2\/users\/1"}],"replies":[{"embeddable":true,"href":"https:\/\/www.entelequiacultura.com\/ca\/wp-json\/wp\/v2\/comments?post=35055"}],"version-history":[{"count":0,"href":"https:\/\/www.entelequiacultura.com\/ca\/wp-json\/wp\/v2\/posts\/35055\/revisions"}],"wp:featuredmedia":[{"embeddable":true,"href":"https:\/\/www.entelequiacultura.com\/ca\/wp-json\/wp\/v2\/media\/35024"}],"wp:attachment":[{"href":"https:\/\/www.entelequiacultura.com\/ca\/wp-json\/wp\/v2\/media?parent=35055"}],"wp:term":[{"taxonomy":"category","embeddable":true,"href":"https:\/\/www.entelequiacultura.com\/ca\/wp-json\/wp\/v2\/categories?post=35055"},{"taxonomy":"post_tag","embeddable":true,"href":"https:\/\/www.entelequiacultura.com\/ca\/wp-json\/wp\/v2\/tags?post=35055"}],"curies":[{"name":"wp","href":"https:\/\/api.w.org\/{rel}","templated":true}]}}