{"id":34582,"date":"2021-03-22T21:05:57","date_gmt":"2021-03-22T20:05:57","guid":{"rendered":"https:\/\/www.entelequiacultura.com\/?p=34582"},"modified":"2021-03-22T21:05:57","modified_gmt":"2021-03-22T20:05:57","slug":"dueloyliteratura","status":"publish","type":"post","link":"https:\/\/www.entelequiacultura.com\/ca\/dueloyliteratura\/","title":{"rendered":"Duel i literatura. Xerrada amb Piedad Bonnett"},"content":{"rendered":"<div class=\"row \"><div class=\"wpv-grid grid-1-1  wpv-first-level first unextended\" style=\"padding-top:0px;padding-bottom:0px\" id=\"wpv-column-b7e3e26538fe4993a159ce8aa585ba30\" ><div class=\"push\" style='height:30px'><\/div><\/div><\/div>\n<div class=\"row \"><div class=\"wpv-grid grid-1-1  wpv-first-level first unextended\" style=\"padding-top:0px;padding-bottom:0px\" id=\"wpv-column-128e4e7649fc4d24d6b02aea46ae1455\" ><p>\u00abTot era tan absurd i tan tr\u00e0gic que vaig sentir que havia d&#8217;escriure-ho. Em vaig adonar que, com en les trag\u00e8dies gregues, tot havia anat encaminant-se per a crear un c\u00e8rcol terrible. Em vaig espantar molt, per\u00f2 la idea es va apoderar de mi\u00bb, ens confessa Pietat Bonnett durant l&#8217;\u00edntima xerrada que vam mantenir amb ella divendres passat.<\/p>\n<p>Piedad ens va parlar sobre el proc\u00e9s creatiu de <em>Lo que no tiene nombre<\/em> (Alfaguara, 2013), un llibre testimonial sobre la mort del seu fill, Daniel. Va comentar que el seu prop\u00f2sit, en fer-ho, era d&#8217;una banda indagar sobre qui va ser Daniel en realitat, \u00ables mares sovint no sabem qui s\u00f3n els nostres fills\u00bb, per\u00f2 sobretot el que volia era parlar de la malaltia mental, de l&#8217;estigma, de com la societat menysprea aquesta mena de malalts i tamb\u00e9 volia parlar sobre el su\u00efcidi.<\/p>\n<p>Per\u00f2 com abordar l&#8217;escriptura en ple duel? (va comen\u00e7ar a escriure-ho dos mesos despr\u00e9s de la mort del seu fill): \u00abJo vaig sentir la pulsi\u00f3 immediatament. Vaig acceptar aquesta mort des del principi. Vaig respectar el su\u00efcidi i em vaig armar de valor\u00bb. La seva salvaci\u00f3, diu, va ser pensar en les q\u00fcestions liter\u00e0ries: el g\u00e8nere, l&#8217;estructura, la temporalitat, la veu narrativa, l&#8217;extensi\u00f3 o el llenguatge que anava a utilitzar. \u00abNo volia adular al lector ni caure en detalls innecessaris ni molt menys en el sentimentalisme que \u00e9s molt mal company per a la literatura\u00bb. Piedad ens va explicar els motius pels quals va anar prenent cadascuna de les decisions formals amb les quals finalment va configurar aquest llibre tan dur i bell. \u00abEncara que la literatura no cura el dolor, s\u00ed que alleuja. Jo em vaig agafar a ella, van ser les regnes amb les quals em vaig sostenir\u00bb.<\/p>\n<p>Tamb\u00e9 vam poder comentar, i sentir-la recitar, alguns dels poemes del seu llibre <em>Los habitados<\/em> (Visor) amb el qual va obtenir el prestigi\u00f3s premi Generaci\u00f3 del 27. Part d&#8217;aquestes composicions es van incloure en la performance que va protagonitzar al costat de Chantal Maillard durant el festival de poesia de M\u00e0laga on les dues autores, a manera d&#8217;homenatge als seus fills morts, van declamar els seus poemes. Recentment, l&#8217;editorial Vaso Roto ha publicat el llibre \u201cDaniel. Voces en duelo\u201d que recull els textos recitats durant aquesta actuaci\u00f3.<\/p>\n<p>Despr\u00e9s de gaireb\u00e9 una hora d&#8217;exposici\u00f3 per part seva, es va obrir un debat. Va ser un veritable plaer poder compartir amb ella i amb totes les persones que ens van acompanyar aquest temps de xerrada.<\/p>\n<p><em>(La imatge superior correspon a un oli de Daniel Segura Bonnett)<\/em><\/div><\/div>\n","protected":false},"excerpt":{"rendered":"<p>\u00abTot era tan absurd i tan tr\u00e0gic que vaig sentir que havia d&#8217;escriure-ho. Em vaig adonar que, com en les trag\u00e8dies gregues, tot havia anat encaminant-se per a crear un&#8230;<\/p>\n","protected":false},"author":1,"featured_media":34587,"comment_status":"open","ping_status":"open","sticky":false,"template":"","format":"image","meta":{"_price":"","_stock":"","_tribe_ticket_header":"","_tribe_default_ticket_provider":"","_tribe_ticket_capacity":"0","_ticket_start_date":"","_ticket_end_date":"","_tribe_ticket_show_description":"","_tribe_ticket_show_not_going":false,"_tribe_ticket_use_global_stock":"","_tribe_ticket_global_stock_level":"","_global_stock_mode":"","_global_stock_cap":"","_tribe_rsvp_for_event":"","_tribe_ticket_going_count":"","_tribe_ticket_not_going_count":"","_tribe_tickets_list":"[]","_tribe_ticket_has_attendee_info_fields":false,"footnotes":""},"categories":[168],"tags":[],"class_list":["post-34582","post","type-post","status-publish","format-image","has-post-thumbnail","hentry","category-sin-categoria","post_format-post-format-image"],"aioseo_notices":[],"_links":{"self":[{"href":"https:\/\/www.entelequiacultura.com\/ca\/wp-json\/wp\/v2\/posts\/34582","targetHints":{"allow":["GET"]}}],"collection":[{"href":"https:\/\/www.entelequiacultura.com\/ca\/wp-json\/wp\/v2\/posts"}],"about":[{"href":"https:\/\/www.entelequiacultura.com\/ca\/wp-json\/wp\/v2\/types\/post"}],"author":[{"embeddable":true,"href":"https:\/\/www.entelequiacultura.com\/ca\/wp-json\/wp\/v2\/users\/1"}],"replies":[{"embeddable":true,"href":"https:\/\/www.entelequiacultura.com\/ca\/wp-json\/wp\/v2\/comments?post=34582"}],"version-history":[{"count":0,"href":"https:\/\/www.entelequiacultura.com\/ca\/wp-json\/wp\/v2\/posts\/34582\/revisions"}],"wp:featuredmedia":[{"embeddable":true,"href":"https:\/\/www.entelequiacultura.com\/ca\/wp-json\/wp\/v2\/media\/34587"}],"wp:attachment":[{"href":"https:\/\/www.entelequiacultura.com\/ca\/wp-json\/wp\/v2\/media?parent=34582"}],"wp:term":[{"taxonomy":"category","embeddable":true,"href":"https:\/\/www.entelequiacultura.com\/ca\/wp-json\/wp\/v2\/categories?post=34582"},{"taxonomy":"post_tag","embeddable":true,"href":"https:\/\/www.entelequiacultura.com\/ca\/wp-json\/wp\/v2\/tags?post=34582"}],"curies":[{"name":"wp","href":"https:\/\/api.w.org\/{rel}","templated":true}]}}