{"id":34550,"date":"2021-01-08T19:38:06","date_gmt":"2021-01-08T18:38:06","guid":{"rendered":"https:\/\/www.entelequiacultura.com\/?p=34550"},"modified":"2021-01-09T10:11:25","modified_gmt":"2021-01-09T09:11:25","slug":"dialegambramonandres","status":"publish","type":"post","link":"https:\/\/www.entelequiacultura.com\/ca\/dialegambramonandres\/","title":{"rendered":"De les maneres de dir. Di\u00e0leg amb Ram\u00f3n Andr\u00e9s"},"content":{"rendered":"<div class=\"row \"><div class=\"wpv-grid grid-1-1  wpv-first-level first unextended\" style=\"padding-top:0px;padding-bottom:0px\" id=\"wpv-column-287b698196de532fdef3a02e6bca6a2b\" ><div class=\"push\" style='height:30px'><\/div>\n<div class=\"row \"><div class=\"wpv-grid grid-1-1  first unextended\" style=\"padding-top:0px;padding-bottom:0px\" id=\"wpv-column-4e2c9b78d1156eee6551d0cb583ebcb4\" ><p>Ha estat un privilegi poder iniciar l&#8217;any tot mantenint una xerrada amb <strong><span class=\"hiddenSpellError\">Ram\u00f3n<\/span> <span class=\"hiddenSpellError\">Andr\u00e9s<\/span><\/strong> i totes les persones que ens van acompanyar, ahir. L&#8217;objectiu d&#8217;aquesta trobada era compartir un temps de di\u00e0leg per a exposar les nostres inquietuds, la nostra manera d&#8217;entendre el fet de pensar, la poesia, la m\u00fasica, els silencis&#8230;<\/p>\n<p>Entre molts altres temes, vam conversar sobre la import\u00e0ncia de la mem\u00f2ria per a poder pensar l&#8217;ara i l&#8217;avenir. \u00abNo podem mancar de passat perqu\u00e8 \u00e9s el que ens configura. Mancar d&#8217;ell \u00e9s un espoli a l&#8217;\u00e9sser hum\u00e0. Som hereus dels primers freds que van sofrir aquells \u00e9ssers primitius, de les emocions que van sentir, com la por, l&#8217;amor, l&#8217;enveja&#8230;, que per b\u00e9 o per mal pertanyen a l&#8217;\u00e9sser hum\u00e0, el configura.\u00bb<\/p>\n<p>Tamb\u00e9 vam xerrar sobre les conseq\u00fc\u00e8ncies de viure en una societat tan projectada cap al futur, amb molt poca pres\u00e8ncia en el present. Sobre la necessitat de tornar a l&#8217;essencialitat, que \u00e9s l&#8217;\u00fanica cosa que veritablement ens fa lliures. Tornar a all\u00f2 que \u00e9s hum\u00e0. Aprendre a viure amb el que \u00e9s necessari. Sobre la import\u00e0ncia de pensar&#8230;<\/p>\n<p>El temps \u00e9s un no-temps quan es conversa amb una persona tan s\u00e0via, coherent i honesta com <span class=\"hiddenSpellError\">Ram\u00f3n<\/span> <span class=\"hiddenSpellError\">Andr\u00e9s<\/span>. A m\u00e9s, vam tenir el gust de sentir-lo declamar un dels preciosos poemes continguts en el seu llibre \u00abLos \u00e1rboles que nos quedan\u00bb com a guinda final.<\/p>\n<p>Reiterem des d&#8217;aqu\u00ed el nostre immens agra\u00efment per compartir amb nosaltres aquest temps de di\u00e0leg, per tots els seus ensenyaments, per la seva generositat, calidesa i qualitat humana.<\/p>\n<p>Gr\u00e0cies, mestre!<\/div><\/div><\/div><\/div>\n","protected":false},"excerpt":{"rendered":"<p>Ha estat un privilegi poder iniciar l&#8217;any tot mantenint una xerrada amb Ram\u00f3n Andr\u00e9s i totes les persones que ens van acompanyar, ahir. L&#8217;objectiu d&#8217;aquesta trobada era compartir un temps&#8230;<\/p>\n","protected":false},"author":1,"featured_media":34565,"comment_status":"open","ping_status":"open","sticky":false,"template":"","format":"image","meta":{"_price":"","_stock":"","_tribe_ticket_header":"","_tribe_default_ticket_provider":"","_tribe_ticket_capacity":"0","_ticket_start_date":"","_ticket_end_date":"","_tribe_ticket_show_description":"","_tribe_ticket_show_not_going":false,"_tribe_ticket_use_global_stock":"","_tribe_ticket_global_stock_level":"","_global_stock_mode":"","_global_stock_cap":"","_tribe_rsvp_for_event":"","_tribe_ticket_going_count":"","_tribe_ticket_not_going_count":"","_tribe_tickets_list":"[]","_tribe_ticket_has_attendee_info_fields":false,"footnotes":""},"categories":[168],"tags":[],"class_list":["post-34550","post","type-post","status-publish","format-image","has-post-thumbnail","hentry","category-sin-categoria","post_format-post-format-image"],"aioseo_notices":[],"_links":{"self":[{"href":"https:\/\/www.entelequiacultura.com\/ca\/wp-json\/wp\/v2\/posts\/34550","targetHints":{"allow":["GET"]}}],"collection":[{"href":"https:\/\/www.entelequiacultura.com\/ca\/wp-json\/wp\/v2\/posts"}],"about":[{"href":"https:\/\/www.entelequiacultura.com\/ca\/wp-json\/wp\/v2\/types\/post"}],"author":[{"embeddable":true,"href":"https:\/\/www.entelequiacultura.com\/ca\/wp-json\/wp\/v2\/users\/1"}],"replies":[{"embeddable":true,"href":"https:\/\/www.entelequiacultura.com\/ca\/wp-json\/wp\/v2\/comments?post=34550"}],"version-history":[{"count":0,"href":"https:\/\/www.entelequiacultura.com\/ca\/wp-json\/wp\/v2\/posts\/34550\/revisions"}],"wp:featuredmedia":[{"embeddable":true,"href":"https:\/\/www.entelequiacultura.com\/ca\/wp-json\/wp\/v2\/media\/34565"}],"wp:attachment":[{"href":"https:\/\/www.entelequiacultura.com\/ca\/wp-json\/wp\/v2\/media?parent=34550"}],"wp:term":[{"taxonomy":"category","embeddable":true,"href":"https:\/\/www.entelequiacultura.com\/ca\/wp-json\/wp\/v2\/categories?post=34550"},{"taxonomy":"post_tag","embeddable":true,"href":"https:\/\/www.entelequiacultura.com\/ca\/wp-json\/wp\/v2\/tags?post=34550"}],"curies":[{"name":"wp","href":"https:\/\/api.w.org\/{rel}","templated":true}]}}