{"id":34130,"date":"2020-09-14T12:31:04","date_gmt":"2020-09-14T10:31:04","guid":{"rendered":"https:\/\/www.entelequiacultura.com\/?p=34130"},"modified":"2020-10-06T12:36:49","modified_gmt":"2020-10-06T10:36:49","slug":"conferenciamireiarosich","status":"publish","type":"post","link":"https:\/\/www.entelequiacultura.com\/ca\/conferenciamireiarosich\/","title":{"rendered":"Safo i el seu cercle de dones. Confer\u00e8ncia de Mireia Rosich"},"content":{"rendered":"<div class=\"row \"><div class=\"wpv-grid grid-1-1  wpv-first-level first unextended\" style=\"padding-top:0px;padding-bottom:0px\" id=\"wpv-column-71e6e6c08f8e6a4a3cf166fc14ef1693\" ><div class=\"push\" style='height:30px'><\/div>\n<div class=\"row \"><div class=\"wpv-grid grid-1-1  first unextended\" style=\"padding-top:0px;padding-bottom:0px\" id=\"wpv-column-9a72c1194ec13de0d9fa2be27914a6c0\" ><p>La historiadora de l&#8217;art <strong>Mireia Rosich<\/strong>, apassionada per\u00a0la mitologia i especialitzada en l&#8217;estudi de mites i la simbologia de diferents tradicions, especialment la Gr\u00e8cia cl\u00e0ssica, des de l&#8217;any 2016 ve organitzant mensualment, en el museu V\u00edctor Balaguer de Vilanova i la Geltr\u00fa, els denominats <em><strong>Chill-out de mites i art<\/strong> <\/em>on reflexiona sobre figures femenines de la mitologia i les seves representacions art\u00edstiques.<\/p>\n<p>Vam tenir la sort de viatjar amb ella al fascinant m\u00f3n de <strong>Safo i el seu cercle de dones<\/strong> a trav\u00e9s de textos, mapes i imatges de precioses obres d&#8217;art que ens anava mostrant durant la magn\u00edfica confer\u00e8ncia que va impartir en Entel\u00e8quia.<\/p>\n<p>Esperem repetir l&#8217;experi\u00e8ncia molt aviat! Us mantindrem informats sobre noves sessions.<\/div><\/div><\/div><\/div>\n","protected":false},"excerpt":{"rendered":"<p>La historiadora de l&#8217;art Mireia Rosich, apassionada per\u00a0la mitologia i especialitzada en l&#8217;estudi de mites i la simbologia de diferents tradicions, especialment la Gr\u00e8cia cl\u00e0ssica, des de l&#8217;any 2016 ve&#8230;<\/p>\n","protected":false},"author":1,"featured_media":34132,"comment_status":"open","ping_status":"open","sticky":false,"template":"","format":"image","meta":{"_price":"","_stock":"","_tribe_ticket_header":"","_tribe_default_ticket_provider":"","_tribe_ticket_capacity":"0","_ticket_start_date":"","_ticket_end_date":"","_tribe_ticket_show_description":"","_tribe_ticket_show_not_going":false,"_tribe_ticket_use_global_stock":"","_tribe_ticket_global_stock_level":"","_global_stock_mode":"","_global_stock_cap":"","_tribe_rsvp_for_event":"","_tribe_ticket_going_count":"","_tribe_ticket_not_going_count":"","_tribe_tickets_list":"[]","_tribe_ticket_has_attendee_info_fields":false,"footnotes":""},"categories":[168],"tags":[],"class_list":["post-34130","post","type-post","status-publish","format-image","has-post-thumbnail","hentry","category-sin-categoria","post_format-post-format-image"],"aioseo_notices":[],"_links":{"self":[{"href":"https:\/\/www.entelequiacultura.com\/ca\/wp-json\/wp\/v2\/posts\/34130","targetHints":{"allow":["GET"]}}],"collection":[{"href":"https:\/\/www.entelequiacultura.com\/ca\/wp-json\/wp\/v2\/posts"}],"about":[{"href":"https:\/\/www.entelequiacultura.com\/ca\/wp-json\/wp\/v2\/types\/post"}],"author":[{"embeddable":true,"href":"https:\/\/www.entelequiacultura.com\/ca\/wp-json\/wp\/v2\/users\/1"}],"replies":[{"embeddable":true,"href":"https:\/\/www.entelequiacultura.com\/ca\/wp-json\/wp\/v2\/comments?post=34130"}],"version-history":[{"count":0,"href":"https:\/\/www.entelequiacultura.com\/ca\/wp-json\/wp\/v2\/posts\/34130\/revisions"}],"wp:featuredmedia":[{"embeddable":true,"href":"https:\/\/www.entelequiacultura.com\/ca\/wp-json\/wp\/v2\/media\/34132"}],"wp:attachment":[{"href":"https:\/\/www.entelequiacultura.com\/ca\/wp-json\/wp\/v2\/media?parent=34130"}],"wp:term":[{"taxonomy":"category","embeddable":true,"href":"https:\/\/www.entelequiacultura.com\/ca\/wp-json\/wp\/v2\/categories?post=34130"},{"taxonomy":"post_tag","embeddable":true,"href":"https:\/\/www.entelequiacultura.com\/ca\/wp-json\/wp\/v2\/tags?post=34130"}],"curies":[{"name":"wp","href":"https:\/\/api.w.org\/{rel}","templated":true}]}}