{"id":34120,"date":"2020-07-10T11:52:21","date_gmt":"2020-07-10T09:52:21","guid":{"rendered":"https:\/\/www.entelequiacultura.com\/?p=34120"},"modified":"2020-10-08T08:45:18","modified_gmt":"2020-10-08T06:45:18","slug":"conferenciaannapages","status":"publish","type":"post","link":"https:\/\/www.entelequiacultura.com\/ca\/conferenciaannapages\/","title":{"rendered":"Filosofia i Feminitat. Confer\u00e8ncia de l&#8217;escriptora Anna Pag\u00e9s"},"content":{"rendered":"<div class=\"row \"><div class=\"wpv-grid grid-1-1  wpv-first-level first unextended\" style=\"padding-top:0px;padding-bottom:0px\" id=\"wpv-column-5d2d1e8cc8c4ca82deb899a2aaf57330\" ><div class=\"push\" style='height:30px'><\/div>\n<div class=\"row \"><div class=\"wpv-grid grid-1-1  first unextended\" style=\"padding-top:0px;padding-bottom:0px\" id=\"wpv-column-b0adb3e08a1e0563257472b08e6bfe73\" ><p>En el c\u00e0non filos\u00f2fic, les pensadores ocupen un lloc problem\u00e0tic. La majoria d&#8217;autores van preferir autodenominar-se professores o escriptores m\u00e9s que fil\u00f2sofes. Aquest estrany fet ens obliga a reflexionar sobre la funci\u00f3 de les dones en l&#8217;\u00e0mbit de la Filosofia.<\/p>\n<p>La confer\u00e8ncia impartida per Anna Pag\u00e9s, sota el t\u00edtol <strong>Filosofia i Feminitat<\/strong>, tenia com a objectiu plantejar aquest problema en la tradici\u00f3 filos\u00f2fica i el paper de la veu de les dones en aquest context. La hist\u00f2ria d&#8217;aquest problema, tal com l&#8217;autora ho desenvolupa en el seu llibre \u201cCenar con Diotima\u201d (Herder) arrenca d&#8217;una certa lectura del \u201cBanquet\u201d de Plat\u00f3, lectura que vincula amb l&#8217;actualitat a trav\u00e9s del quotidi\u00e0, lluny de qualsevol \u2018isme\u2019.<\/p>\n<p>Com \u00e9s habitual en aquestes xerrades online, despr\u00e9s de la confer\u00e8ncia es va obrir un intens col\u00b7loqui amb els participants per a debatre, entre altres interrogants, sobre el lloc que ocupen les pensadores en la Filosofia i si aquesta pot plantejar-se preguntes sobre la feminitat, igual que pregunta sobre el temps, la bellesa o l&#8217;amor.<\/div><\/div><\/div><\/div>\n","protected":false},"excerpt":{"rendered":"<p>En el c\u00e0non filos\u00f2fic, les pensadores ocupen un lloc problem\u00e0tic. La majoria d&#8217;autores van preferir autodenominar-se professores o escriptores m\u00e9s que fil\u00f2sofes. Aquest estrany fet ens obliga a reflexionar sobre&#8230;<\/p>\n","protected":false},"author":1,"featured_media":0,"comment_status":"open","ping_status":"open","sticky":false,"template":"","format":"image","meta":{"_price":"","_stock":"","_tribe_ticket_header":"","_tribe_default_ticket_provider":"","_tribe_ticket_capacity":"0","_ticket_start_date":"","_ticket_end_date":"","_tribe_ticket_show_description":"","_tribe_ticket_show_not_going":false,"_tribe_ticket_use_global_stock":"","_tribe_ticket_global_stock_level":"","_global_stock_mode":"","_global_stock_cap":"","_tribe_rsvp_for_event":"","_tribe_ticket_going_count":"","_tribe_ticket_not_going_count":"","_tribe_tickets_list":"[]","_tribe_ticket_has_attendee_info_fields":false,"footnotes":""},"categories":[168],"tags":[],"class_list":["post-34120","post","type-post","status-publish","format-image","hentry","category-sin-categoria","post_format-post-format-image"],"aioseo_notices":[],"_links":{"self":[{"href":"https:\/\/www.entelequiacultura.com\/ca\/wp-json\/wp\/v2\/posts\/34120","targetHints":{"allow":["GET"]}}],"collection":[{"href":"https:\/\/www.entelequiacultura.com\/ca\/wp-json\/wp\/v2\/posts"}],"about":[{"href":"https:\/\/www.entelequiacultura.com\/ca\/wp-json\/wp\/v2\/types\/post"}],"author":[{"embeddable":true,"href":"https:\/\/www.entelequiacultura.com\/ca\/wp-json\/wp\/v2\/users\/1"}],"replies":[{"embeddable":true,"href":"https:\/\/www.entelequiacultura.com\/ca\/wp-json\/wp\/v2\/comments?post=34120"}],"version-history":[{"count":0,"href":"https:\/\/www.entelequiacultura.com\/ca\/wp-json\/wp\/v2\/posts\/34120\/revisions"}],"wp:attachment":[{"href":"https:\/\/www.entelequiacultura.com\/ca\/wp-json\/wp\/v2\/media?parent=34120"}],"wp:term":[{"taxonomy":"category","embeddable":true,"href":"https:\/\/www.entelequiacultura.com\/ca\/wp-json\/wp\/v2\/categories?post=34120"},{"taxonomy":"post_tag","embeddable":true,"href":"https:\/\/www.entelequiacultura.com\/ca\/wp-json\/wp\/v2\/tags?post=34120"}],"curies":[{"name":"wp","href":"https:\/\/api.w.org\/{rel}","templated":true}]}}