{"id":33746,"date":"2020-07-04T11:17:22","date_gmt":"2020-07-04T09:17:22","guid":{"rendered":"https:\/\/www.entelequiacultura.com\/?p=33746"},"modified":"2020-07-04T11:17:22","modified_gmt":"2020-07-04T09:17:22","slug":"erosithanatos","status":"publish","type":"post","link":"https:\/\/www.entelequiacultura.com\/ca\/erosithanatos\/","title":{"rendered":"Cicle Eros i Thanatos (Joan-Carles M\u00e8lich)"},"content":{"rendered":"<div class=\"row \"><div class=\"wpv-grid grid-1-1  wpv-first-level first unextended\" style=\"padding-top:0px;padding-bottom:0px\" id=\"wpv-column-814ef4507f0a56c62dc18b329a95751d\" ><div class=\"push\" style='height:30px'><\/div>\n<div class=\"row \"><div class=\"wpv-grid grid-1-1  first unextended\" style=\"padding-top:0px;padding-bottom:0px\" id=\"wpv-column-8b35bd138d77efa7bf2aa6fcc7813422\" ><p>Dimarts passat, va finalitzar el fascinant cicle &#8216;<strong>Eros i Thanatos<\/strong>&#8216; impartit per <strong>Joan-Carles M\u00e8lich<\/strong>. Tres intenses sessions on vam debatre sobre les dues pulsions que configuren l&#8217;exist\u00e8ncia humana (el sexe i la mort). Com a punt de suport, a\u00a0manera de textos i pretextos, vam xerrar sobre tres novel\u00b7les excepcionals: &#8220;La mort a Ven\u00e8cia&#8221; de Thomas Mann, &#8220;Relat somiat&#8221; d&#8217;Arthur Schnitzler i &#8220;L&#8217;animal moribund&#8221; de Philip Roth; aix\u00ed com sobre\u00a0les pel\u00b7l\u00edcules &#8220;La mort a Ven\u00e8cia&#8221; de Luchino Visconti i &#8220;Eyes wide shut&#8221; de Stanley Kubrick, basades en els dos primers t\u00edtols.<\/p>\n<p>Joan-Carles M\u00e8lich, com hem comentat en alguna altra oportunitat, mant\u00e9 una esp\u00e8cie de croada personal contra el pensament metaf\u00edsic i tamb\u00e9 contra el disciplinari. Les disciplines s\u00f3n nocives, afirma rotundament i enfront d&#8217;aquest saber disciplinari proposa un pensament bibliotecari, una Filosofia Liter\u00e0ria.<\/p>\n<p>Com es va esmentar en la presentaci\u00f3 del cicle, en aquestes tres novel\u00b7les els seus autors plantegen tota una s\u00e8rie de q\u00fcestions humanes que b\u00e9 podrien situar-se en una biblioteca al costat de les de grans fil\u00f2sofs. No sols aix\u00f2, sin\u00f3 que tamb\u00e9 entre les seves p\u00e0gines, com vam poder comprovar, apareixen les seves influ\u00e8ncies. Per exemple, la idea de l&#8217;amor com a bellesa que s&#8217;exposa en &#8220;El banquet&#8221; de Plat\u00f3 est\u00e0 manifesta en &#8220;La mort a Ven\u00e8cia&#8221;, tamb\u00e9 hi ha molt del pensament de Schopenhauer i de la interpretaci\u00f3 dels somnis segons Freud. Aquest \u00faltim autor tamb\u00e9 es passeja reiteradament pel &#8220;Relat somiat&#8221; de Zchnitzler, com ho fan altres autors de la gran Viena de principis del segle XX. Kafka viatja al futur per a aliar-se amb el protagonista de &#8220;l&#8217;animal moribund&#8221; a qui li presta un manuscrit per a seduir a la seva alumna. Tamb\u00e9 fa acte de pres\u00e8ncia Velazquez i, entre altres, els compositors Mozard o Bach, perqu\u00e8 la m\u00fasica \u00e9s un element important en aquest i els altres dos llibres.<\/p>\n<p>Han estat molts els temes (l&#8217;amor, el sexe, el desig, les relacions de poder, el matrimoni, la gelosia, la malaltia, la vellesa, la mort&#8230;) sobre els quals hem parlat en aquestes tres sessions, cadascuna d&#8217;elles precedida per una introducci\u00f3 magistral a c\u00e0rrec de Joan-Carles M\u00e8lich,\u00a0a les quals van succeir intensos i fascinants col\u00b7loquis. Ens va agradar tant l&#8217;experi\u00e8ncia que, entre tots, vam convenir programar un segon cicle amb tres noves propostes de lectura. Us informarem sobre aquest tema, ben aviat.<\/div><\/div><\/div><\/div>\n","protected":false},"excerpt":{"rendered":"<p>Dimarts passat, va finalitzar el fascinant cicle &#8216;Eros i Thanatos&#8216; impartit per Joan-Carles M\u00e8lich. Tres intenses sessions on vam debatre sobre les dues pulsions que configuren l&#8217;exist\u00e8ncia humana (el sexe&#8230;<\/p>\n","protected":false},"author":1,"featured_media":33753,"comment_status":"open","ping_status":"open","sticky":false,"template":"","format":"image","meta":{"_price":"","_stock":"","_tribe_ticket_header":"","_tribe_default_ticket_provider":"","_tribe_ticket_capacity":"0","_ticket_start_date":"","_ticket_end_date":"","_tribe_ticket_show_description":"","_tribe_ticket_show_not_going":false,"_tribe_ticket_use_global_stock":"","_tribe_ticket_global_stock_level":"","_global_stock_mode":"","_global_stock_cap":"","_tribe_rsvp_for_event":"","_tribe_ticket_going_count":"","_tribe_ticket_not_going_count":"","_tribe_tickets_list":"[]","_tribe_ticket_has_attendee_info_fields":false,"footnotes":""},"categories":[168],"tags":[],"class_list":["post-33746","post","type-post","status-publish","format-image","has-post-thumbnail","hentry","category-sin-categoria","post_format-post-format-image"],"aioseo_notices":[],"_links":{"self":[{"href":"https:\/\/www.entelequiacultura.com\/ca\/wp-json\/wp\/v2\/posts\/33746","targetHints":{"allow":["GET"]}}],"collection":[{"href":"https:\/\/www.entelequiacultura.com\/ca\/wp-json\/wp\/v2\/posts"}],"about":[{"href":"https:\/\/www.entelequiacultura.com\/ca\/wp-json\/wp\/v2\/types\/post"}],"author":[{"embeddable":true,"href":"https:\/\/www.entelequiacultura.com\/ca\/wp-json\/wp\/v2\/users\/1"}],"replies":[{"embeddable":true,"href":"https:\/\/www.entelequiacultura.com\/ca\/wp-json\/wp\/v2\/comments?post=33746"}],"version-history":[{"count":0,"href":"https:\/\/www.entelequiacultura.com\/ca\/wp-json\/wp\/v2\/posts\/33746\/revisions"}],"wp:featuredmedia":[{"embeddable":true,"href":"https:\/\/www.entelequiacultura.com\/ca\/wp-json\/wp\/v2\/media\/33753"}],"wp:attachment":[{"href":"https:\/\/www.entelequiacultura.com\/ca\/wp-json\/wp\/v2\/media?parent=33746"}],"wp:term":[{"taxonomy":"category","embeddable":true,"href":"https:\/\/www.entelequiacultura.com\/ca\/wp-json\/wp\/v2\/categories?post=33746"},{"taxonomy":"post_tag","embeddable":true,"href":"https:\/\/www.entelequiacultura.com\/ca\/wp-json\/wp\/v2\/tags?post=33746"}],"curies":[{"name":"wp","href":"https:\/\/api.w.org\/{rel}","templated":true}]}}