{"id":33728,"date":"2020-06-21T12:18:21","date_gmt":"2020-06-21T10:18:21","guid":{"rendered":"https:\/\/www.entelequiacultura.com\/?p=33728"},"modified":"2020-06-21T12:21:03","modified_gmt":"2020-06-21T10:21:03","slug":"razonpoeticamariazambrano","status":"publish","type":"post","link":"https:\/\/www.entelequiacultura.com\/ca\/razonpoeticamariazambrano\/","title":{"rendered":"Claus de la &#8216;ra\u00f3 po\u00e8tica&#8217; de Mar\u00eda Zambrano (cicle de confer\u00e8ncies de Mercedes G\u00f3mez Blesa)"},"content":{"rendered":"<div class=\"row \"><div class=\"wpv-grid grid-1-1  wpv-first-level first unextended\" style=\"padding-top:0px;padding-bottom:0px\" id=\"wpv-column-8afc6d9e6e12bc786f394ef4364bbd0d\" ><div class=\"row \"><div class=\"wpv-grid grid-1-1  first unextended\" style=\"padding-top:0px;padding-bottom:0px\" id=\"wpv-column-3b23293ee8205bac000827348031b81f\" ><p>Durant aquest mes de juny, hem tingut el privilegi d&#8217;endinsar-nos en les claus de la &#8216;ra\u00f3 po\u00e8tica&#8217; de Mar\u00eda Zambrano gr\u00e0cies al cicle de confer\u00e8ncies impartides per <a href=\"https:\/\/www.entelequiacultura.com\/ca\/mercedes-gomez-blesa\/\">Mercedes G\u00f3mez Blesa<\/a>, experta en la vida i obra de la gran pensadora malaguenya. El viatge d&#8217;acostament l&#8217;iniciem, al maig, a trav\u00e9s de la confer\u00e8ncia &#8216;<strong>El retorn: el pensament viu de Mar\u00eda Zambrano<\/strong>&#8216; (podeu llegir la cr\u00f2nica <a href=\"https:\/\/www.entelequiacultura.com\/ca\/elregreso\/\">aqu\u00ed<\/a>) i la travessia de les tres primeres setmanes de juny ens ha perm\u00e8s aprofundir en alguns dels aspectes claus de la pensadora per a desentranyar la seva aposta radical per aquesta\u00a0ra\u00f3 po\u00e8tica.<\/p>\n<p>La primera sessi\u00f3 del cicle, &#8216;<strong>La paraula po\u00e8tica com a obertura al m\u00f3n<\/strong>&#8216;, va tenir com a objectiu mostrar l&#8217;intent de Zambrano de superar la disputa haguda tradicionalment entre la paraula po\u00e8tica i el discurs racional a trav\u00e9s de la ra\u00f3 po\u00e8tica, un logos encarnat que \u00e9s el prototip del coneixement espanyol. La segona sessi\u00f3, &#8216;<strong>Hist\u00f2ria de la Pietat: la dial\u00e8ctica entre l&#8217;home i el div\u00ed<\/strong>&#8216;, es va dedicar a aprofundir en la dial\u00e8ctica relaci\u00f3 que sempre ha mantingut l&#8217;home amb els seus d\u00e9us i a comprendre &#8220;la Pietat&#8221; segons Zambrano, aquest &#8220;saber tractar adequadament a l&#8217;un altre&#8221;, a all\u00f2 que no est\u00e0 en el nostre mateix pla vital. En la tercera i \u00faltima sessi\u00f3 &#8216;<strong>Els somnis i la multiplicitat del temps<\/strong>&#8216;, ens endinsem en el fenomen on\u00edric, pel qual Zambrano va mostrar un enorme inter\u00e8s, per\u00f2 no estudiant el contingut dels somnis, com va fer Freud, sin\u00f3 la forma-somni, \u00e9s a dir, la funci\u00f3 que exerceix el somni en la vida de l&#8217;\u00e9sser hum\u00e0. &#8216;Somni&#8217; i &#8216;vig\u00edlia&#8217; utilitzats com a met\u00e0fora de la falta de correspond\u00e8ncia amb la vida real.<\/p>\n<p>El nostre enorme agra\u00efment a Mercedes G\u00f3mez Blesa per l&#8217;apassionant viatge, per obrir-nos les portes de casa seva, per la qualitat de totes les confer\u00e8ncies impartides i pel seu afecte. Igualment volem fer arribar el nostre agra\u00efment a totes les persones que ens van acompanyar i van participar, des d&#8217;aquest i l&#8217;altre costat de l&#8217;Atl\u00e0ntic, en les interessants tert\u00falies que van succeir a les exposicions.<\/p>\n<p>Per a accedir a l&#8217;enregistrament d&#8217;alguna o totes les confer\u00e8ncies, podeu consultar-nos escrivint-nos a\u00a0<a href=\"mailto:hola@entelequiacultura.com\">hola@entelequiacultura.com<\/a>.<\/div><\/div><\/div><\/div>\n<div class=\"row \"><div class=\"wpv-grid grid-1-2  wpv-first-level first unextended\" style=\"padding-top:0px;padding-bottom:0px\" id=\"wpv-column-6358b6029647da8abb372c1c1d3a10d9\" ><div class=\"row \"><div class=\"wpv-grid grid-1-1  first unextended\" style=\"padding-top:0px;padding-bottom:0px\" id=\"wpv-column-0aa34ac894f5d12d476da907f3837a96\" ><p><img loading=\"lazy\" decoding=\"async\" class=\"aligncenter wp-image-33699 size-large\" src=\"https:\/\/www.entelequiacultura.com\/wp-content\/uploads\/2020\/06\/el-regreso-1024x561.png\" alt=\"\" width=\"1024\" height=\"561\" srcset=\"https:\/\/www.entelequiacultura.com\/wp-content\/uploads\/2020\/06\/el-regreso-1024x561.png 1024w, https:\/\/www.entelequiacultura.com\/wp-content\/uploads\/2020\/06\/el-regreso-300x164.png 300w, https:\/\/www.entelequiacultura.com\/wp-content\/uploads\/2020\/06\/el-regreso-768x421.png 768w, https:\/\/www.entelequiacultura.com\/wp-content\/uploads\/2020\/06\/el-regreso-1140x624.png 1140w, https:\/\/www.entelequiacultura.com\/wp-content\/uploads\/2020\/06\/el-regreso-555x304.png 555w, https:\/\/www.entelequiacultura.com\/wp-content\/uploads\/2020\/06\/el-regreso-360x197.png 360w, https:\/\/www.entelequiacultura.com\/wp-content\/uploads\/2020\/06\/el-regreso-262x143.png 262w, https:\/\/www.entelequiacultura.com\/wp-content\/uploads\/2020\/06\/el-regreso-600x329.png 600w, https:\/\/www.entelequiacultura.com\/wp-content\/uploads\/2020\/06\/el-regreso.png 1430w\" sizes=\"(max-width: 1024px) 100vw, 1024px\" \/><\/p>\n<p>El regreso: el pensamiento vivo de Mar\u00eda Zambrano<\/div><\/div><\/div>\n<div class=\"wpv-grid grid-1-2  wpv-first-level unextended\" style=\"padding-top:0px;padding-bottom:0px\" id=\"wpv-column-bdd19262aaa35a3ba9d7ccd7c9210b07\" ><div class=\"row \"><div class=\"wpv-grid grid-1-1  first unextended\" style=\"padding-top:0px;padding-bottom:0px\" id=\"wpv-column-65a8357aa61d01e4b950acf93e53013d\" ><p><img loading=\"lazy\" decoding=\"async\" class=\"alignnone wp-image-33701 size-large\" src=\"https:\/\/www.entelequiacultura.com\/wp-content\/uploads\/2020\/06\/palabra-poetica-1024x553.png\" alt=\"\" width=\"1024\" height=\"553\" srcset=\"https:\/\/www.entelequiacultura.com\/wp-content\/uploads\/2020\/06\/palabra-poetica-1024x553.png 1024w, https:\/\/www.entelequiacultura.com\/wp-content\/uploads\/2020\/06\/palabra-poetica-300x162.png 300w, https:\/\/www.entelequiacultura.com\/wp-content\/uploads\/2020\/06\/palabra-poetica-768x414.png 768w, https:\/\/www.entelequiacultura.com\/wp-content\/uploads\/2020\/06\/palabra-poetica-1140x615.png 1140w, https:\/\/www.entelequiacultura.com\/wp-content\/uploads\/2020\/06\/palabra-poetica-555x300.png 555w, https:\/\/www.entelequiacultura.com\/wp-content\/uploads\/2020\/06\/palabra-poetica-360x194.png 360w, https:\/\/www.entelequiacultura.com\/wp-content\/uploads\/2020\/06\/palabra-poetica-262x141.png 262w, https:\/\/www.entelequiacultura.com\/wp-content\/uploads\/2020\/06\/palabra-poetica-600x324.png 600w, https:\/\/www.entelequiacultura.com\/wp-content\/uploads\/2020\/06\/palabra-poetica.png 1423w\" sizes=\"(max-width: 1024px) 100vw, 1024px\" \/><\/p>\n<p>La palabra po\u00e9tica como apertura al mundo<\/div><\/div><\/div><\/div>\n<div class=\"row \"><div class=\"wpv-grid grid-1-2  wpv-first-level first unextended\" style=\"padding-top:0px;padding-bottom:0px\" id=\"wpv-column-bf5a70a6890d3710b76f4be117060c55\" ><div class=\"row \"><div class=\"wpv-grid grid-1-1  first unextended\" style=\"padding-top:0px;padding-bottom:0px\" id=\"wpv-column-981519cd7d6467333ed08b89b709aaea\" ><p><img loading=\"lazy\" decoding=\"async\" class=\"alignnone wp-image-33705 size-large\" src=\"https:\/\/www.entelequiacultura.com\/wp-content\/uploads\/2020\/06\/piedad-1024x572.png\" alt=\"\" width=\"1024\" height=\"572\" srcset=\"https:\/\/www.entelequiacultura.com\/wp-content\/uploads\/2020\/06\/piedad-1024x572.png 1024w, https:\/\/www.entelequiacultura.com\/wp-content\/uploads\/2020\/06\/piedad-300x167.png 300w, https:\/\/www.entelequiacultura.com\/wp-content\/uploads\/2020\/06\/piedad-768x429.png 768w, https:\/\/www.entelequiacultura.com\/wp-content\/uploads\/2020\/06\/piedad-1140x636.png 1140w, https:\/\/www.entelequiacultura.com\/wp-content\/uploads\/2020\/06\/piedad-555x310.png 555w, https:\/\/www.entelequiacultura.com\/wp-content\/uploads\/2020\/06\/piedad-360x201.png 360w, https:\/\/www.entelequiacultura.com\/wp-content\/uploads\/2020\/06\/piedad-262x146.png 262w, https:\/\/www.entelequiacultura.com\/wp-content\/uploads\/2020\/06\/piedad-600x335.png 600w, https:\/\/www.entelequiacultura.com\/wp-content\/uploads\/2020\/06\/piedad.png 1433w\" sizes=\"(max-width: 1024px) 100vw, 1024px\" \/><\/p>\n<p>Historia de la Piedad: La dial\u00e9ctica entre el hombre y lo divino<\/div><\/div><\/div>\n<div class=\"wpv-grid grid-1-2  wpv-first-level unextended\" style=\"padding-top:0px;padding-bottom:0px\" id=\"wpv-column-8b671c1dd1b689d7bbea5f15a0f6e93d\" ><div class=\"row \"><div class=\"wpv-grid grid-1-1  first unextended\" style=\"padding-top:0px;padding-bottom:0px\" id=\"wpv-column-a921bd75c7ea92a01d81a29f29920637\" ><p><img loading=\"lazy\" decoding=\"async\" class=\"alignnone wp-image-33696 size-large\" src=\"https:\/\/www.entelequiacultura.com\/wp-content\/uploads\/2020\/06\/Captura-de-pantalla-2020-06-20-a-las-9.46.09-1024x598.png\" alt=\"\" width=\"1024\" height=\"598\" srcset=\"https:\/\/www.entelequiacultura.com\/wp-content\/uploads\/2020\/06\/Captura-de-pantalla-2020-06-20-a-las-9.46.09-1024x598.png 1024w, https:\/\/www.entelequiacultura.com\/wp-content\/uploads\/2020\/06\/Captura-de-pantalla-2020-06-20-a-las-9.46.09-300x175.png 300w, https:\/\/www.entelequiacultura.com\/wp-content\/uploads\/2020\/06\/Captura-de-pantalla-2020-06-20-a-las-9.46.09-768x449.png 768w, https:\/\/www.entelequiacultura.com\/wp-content\/uploads\/2020\/06\/Captura-de-pantalla-2020-06-20-a-las-9.46.09-1140x666.png 1140w, https:\/\/www.entelequiacultura.com\/wp-content\/uploads\/2020\/06\/Captura-de-pantalla-2020-06-20-a-las-9.46.09-555x324.png 555w, https:\/\/www.entelequiacultura.com\/wp-content\/uploads\/2020\/06\/Captura-de-pantalla-2020-06-20-a-las-9.46.09-360x210.png 360w, https:\/\/www.entelequiacultura.com\/wp-content\/uploads\/2020\/06\/Captura-de-pantalla-2020-06-20-a-las-9.46.09-262x153.png 262w, https:\/\/www.entelequiacultura.com\/wp-content\/uploads\/2020\/06\/Captura-de-pantalla-2020-06-20-a-las-9.46.09-600x350.png 600w, https:\/\/www.entelequiacultura.com\/wp-content\/uploads\/2020\/06\/Captura-de-pantalla-2020-06-20-a-las-9.46.09.png 1440w\" sizes=\"(max-width: 1024px) 100vw, 1024px\" \/><\/p>\n<p>Los sue\u00f1os y la multiplicidad del tiempo<\/div><\/div><\/div><\/div>\n","protected":false},"excerpt":{"rendered":"<p>Durant aquest mes de juny, hem tingut el privilegi d&#8217;endinsar-nos en les claus de la &#8216;ra\u00f3 po\u00e8tica&#8217; de Mar\u00eda Zambrano gr\u00e0cies al cicle de confer\u00e8ncies impartides per Mercedes G\u00f3mez Blesa,&#8230;<\/p>\n","protected":false},"author":1,"featured_media":33710,"comment_status":"open","ping_status":"open","sticky":false,"template":"","format":"image","meta":{"_price":"","_stock":"","_tribe_ticket_header":"","_tribe_default_ticket_provider":"","_tribe_ticket_capacity":"0","_ticket_start_date":"","_ticket_end_date":"","_tribe_ticket_show_description":"","_tribe_ticket_show_not_going":false,"_tribe_ticket_use_global_stock":"","_tribe_ticket_global_stock_level":"","_global_stock_mode":"","_global_stock_cap":"","_tribe_rsvp_for_event":"","_tribe_ticket_going_count":"","_tribe_ticket_not_going_count":"","_tribe_tickets_list":"[]","_tribe_ticket_has_attendee_info_fields":false,"footnotes":""},"categories":[168],"tags":[],"class_list":["post-33728","post","type-post","status-publish","format-image","has-post-thumbnail","hentry","category-sin-categoria","post_format-post-format-image"],"aioseo_notices":[],"_links":{"self":[{"href":"https:\/\/www.entelequiacultura.com\/ca\/wp-json\/wp\/v2\/posts\/33728","targetHints":{"allow":["GET"]}}],"collection":[{"href":"https:\/\/www.entelequiacultura.com\/ca\/wp-json\/wp\/v2\/posts"}],"about":[{"href":"https:\/\/www.entelequiacultura.com\/ca\/wp-json\/wp\/v2\/types\/post"}],"author":[{"embeddable":true,"href":"https:\/\/www.entelequiacultura.com\/ca\/wp-json\/wp\/v2\/users\/1"}],"replies":[{"embeddable":true,"href":"https:\/\/www.entelequiacultura.com\/ca\/wp-json\/wp\/v2\/comments?post=33728"}],"version-history":[{"count":0,"href":"https:\/\/www.entelequiacultura.com\/ca\/wp-json\/wp\/v2\/posts\/33728\/revisions"}],"wp:featuredmedia":[{"embeddable":true,"href":"https:\/\/www.entelequiacultura.com\/ca\/wp-json\/wp\/v2\/media\/33710"}],"wp:attachment":[{"href":"https:\/\/www.entelequiacultura.com\/ca\/wp-json\/wp\/v2\/media?parent=33728"}],"wp:term":[{"taxonomy":"category","embeddable":true,"href":"https:\/\/www.entelequiacultura.com\/ca\/wp-json\/wp\/v2\/categories?post=33728"},{"taxonomy":"post_tag","embeddable":true,"href":"https:\/\/www.entelequiacultura.com\/ca\/wp-json\/wp\/v2\/tags?post=33728"}],"curies":[{"name":"wp","href":"https:\/\/api.w.org\/{rel}","templated":true}]}}