{"id":33725,"date":"2020-06-21T12:00:32","date_gmt":"2020-06-21T10:00:32","guid":{"rendered":"https:\/\/www.entelequiacultura.com\/?p=33725"},"modified":"2020-06-21T12:00:32","modified_gmt":"2020-06-21T10:00:32","slug":"elregreso","status":"publish","type":"post","link":"https:\/\/www.entelequiacultura.com\/ca\/elregreso\/","title":{"rendered":"Cr\u00f2nica sobre la confer\u00e8ncia de Mercedes G\u00f3mez Blesa &#8216;El retorn: el pensament viu de Mar\u00eda Zambrano&#8221;"},"content":{"rendered":"<div class=\"row \"><div class=\"wpv-grid grid-1-1  wpv-first-level first unextended\" style=\"padding-top:0px;padding-bottom:0px\" id=\"wpv-column-cc8746ffe4c9f8bd51342dda33204c40\" ><div class=\"row \"><div class=\"wpv-grid grid-1-1  first unextended\" style=\"padding-top:0px;padding-bottom:0px\" id=\"wpv-column-138a14e83f05ce044137490d6f32a91b\" ><p><strong><span class=\"hiddenSpellError\">Mercedes<\/span> G\u00f3mez <span class=\"hiddenSpellError\">Blesa<\/span><\/strong> titula la seva confer\u00e8ncia <strong>&#8220;El retorn: el pensament viu de <span class=\"hiddenSpellError\">Mar\u00eda<\/span> <span class=\"hiddenSpellError\">Zambrano<\/span>&#8220;<\/strong> i el terme &#8216;retorn&#8217; l&#8217;utilitza amb dos sentits: d&#8217;una banda el retorn des del seu exili, aquest no-lloc en el qual la pensadora va viure m\u00e9s temps, i per un altre com a eix de la seva filosofia. Aquesta filosofia que <span class=\"hiddenSpellError\">Mercedes<\/span> l&#8217;ent\u00e9n com la del retorn a l&#8217;\u00e9sser.<\/p>\n<p>Les preguntes clau a les quals es va pretendre respondre en la xerrada amb, i no sobre, <span class=\"hiddenSpellError\">Mar\u00eda<\/span> <span class=\"hiddenSpellError\">Zambrano<\/span> van ser: quina vig\u00e8ncia t\u00e9 avui la seva obra?, quins aspectes de la seva filosofia ens conviden a pensar el moment present?, o si es vol, est\u00e0 encara viu el pensament de <span class=\"hiddenSpellError\">Mar\u00eda<\/span> <span class=\"hiddenSpellError\">Zambrano<\/span>? Per descomptat que s\u00ed, afirma rotundament <span class=\"hiddenSpellError\">Mercedes<\/span> G\u00f3mez <span class=\"hiddenSpellError\">Blesa<\/span>: &#8220;Tornem a ella quan ens trobem en un atzucac, quan caminem buscant una soluci\u00f3 per als nostres problemes vitals o hist\u00f2rics; l&#8217;aproximaci\u00f3 a la seva filosofia es fa, en molts casos, des d&#8217;un punt de vista acad\u00e8mic i te\u00f2ric, per\u00f2 tamb\u00e9, i sobretot, des d&#8217;un punt de vista existencial, com a \u00e9ssers humans desvalguts a la recerca d&#8217;un remei als nostres mals&#8221;. Amb <span class=\"hiddenSpellError\">Zambrano<\/span> ens passa el que li passava a ella mateixa amb el vell S\u00e8neca \u2014apunta\u2014, es recorre al mestre quan es pateix una crisi hist\u00f2rica o personal a la recerca d&#8217;un bon consell que ajudi a dissipar els dubtes que enterboleixen el cam\u00ed. &#8220;<span class=\"hiddenSpellError\">Zambrano<\/span> en aquest sentit \u00e9s la <span class=\"hiddenGrammarError\">nova S\u00e8neca<\/span>. \u00c9s aquest pensament viu al qual tornem per a trobar-nos&#8221;. Aix\u00f2 \u00e9s el que li d\u00f3na precisament la seva grandesa i la seva vig\u00e8ncia, afegeix.<\/p>\n<p>Per\u00f2 hi ha moltes <span class=\"hiddenSpellError\">Zambranos<\/span> dins de <span class=\"hiddenSpellError\">Zambrano<\/span> que ens permetrien pensar amb, o des de, ella el moment actual i la confer\u00e8ncia de <span class=\"hiddenSpellError\">Mercedes<\/span> G\u00f3mez <span class=\"hiddenSpellError\">Blesa<\/span> es va basar en tres d&#8217;elles. La primera va ser el concepte de &#8216;crisi&#8217;, desenvolupat en l&#8217;agonia d&#8217;Europa. Ens cita paraules de <span class=\"hiddenSpellError\">Zambrano<\/span> que semblen haver estat escrites per a descriure el moment d&#8217;incertesa que estem vivint. En segon lloc s&#8217;analitza el liberalisme, que demostra la inestabilitat d&#8217;aquest sistema de consum que, abans de res, fomenta la desigualtat social i per descomptat q\u00fcestiona la superviv\u00e8ncia del nostre planeta. I la tercera, en la qual conflueixen les dues anteriors, \u00e9s un punt essencial: a trav\u00e9s de la seva visi\u00f3 antropol\u00f2gica, <span class=\"hiddenSpellError\">Zambrano<\/span> ens ofereix les claus per a comprendre el nihilisme, la crisi, la decad\u00e8ncia que afligeix a la cultura occidental i la necessitat del retorn a l&#8217;\u00e9sser.<\/p>\n<p>La confer\u00e8ncia, com podeu intuir per aquesta breu anotaci\u00f3, va ser brillant, com tamb\u00e9 ho va ser el col\u00b7loqui que es va obrir a continuaci\u00f3, que com \u00e9s habitual en aquestes trobades se&#8217;ns va fer curt, malgrat les hores de xerrada que vam mantenir.<\/p>\n<p>El nostre reiterat agra\u00efment a <span class=\"hiddenSpellError\">Mercedes<\/span> G\u00f3mez <span class=\"hiddenSpellError\">Blesa<\/span> per la seva predisposici\u00f3, per compartir tant amb nosaltres, per la seva erudici\u00f3 i per la seva calidesa humana. Gr\u00e0cies a totes les persones que ens van acompanyar en aquesta trobada regalant-nos tamb\u00e9 la seva lluentor.<\/div><\/div><\/div><\/div>\n","protected":false},"excerpt":{"rendered":"<p>Mercedes G\u00f3mez Blesa titula la seva confer\u00e8ncia &#8220;El retorn: el pensament viu de Mar\u00eda Zambrano&#8220; i el terme &#8216;retorn&#8217; l&#8217;utilitza amb dos sentits: d&#8217;una banda el retorn des del seu&#8230;<\/p>\n","protected":false},"author":1,"featured_media":33432,"comment_status":"open","ping_status":"open","sticky":false,"template":"","format":"standard","meta":{"_price":"","_stock":"","_tribe_ticket_header":"","_tribe_default_ticket_provider":"","_tribe_ticket_capacity":"0","_ticket_start_date":"","_ticket_end_date":"","_tribe_ticket_show_description":"","_tribe_ticket_show_not_going":false,"_tribe_ticket_use_global_stock":"","_tribe_ticket_global_stock_level":"","_global_stock_mode":"","_global_stock_cap":"","_tribe_rsvp_for_event":"","_tribe_ticket_going_count":"","_tribe_ticket_not_going_count":"","_tribe_tickets_list":"[]","_tribe_ticket_has_attendee_info_fields":false,"footnotes":""},"categories":[168],"tags":[],"class_list":["post-33725","post","type-post","status-publish","format-standard","has-post-thumbnail","hentry","category-sin-categoria"],"aioseo_notices":[],"_links":{"self":[{"href":"https:\/\/www.entelequiacultura.com\/ca\/wp-json\/wp\/v2\/posts\/33725","targetHints":{"allow":["GET"]}}],"collection":[{"href":"https:\/\/www.entelequiacultura.com\/ca\/wp-json\/wp\/v2\/posts"}],"about":[{"href":"https:\/\/www.entelequiacultura.com\/ca\/wp-json\/wp\/v2\/types\/post"}],"author":[{"embeddable":true,"href":"https:\/\/www.entelequiacultura.com\/ca\/wp-json\/wp\/v2\/users\/1"}],"replies":[{"embeddable":true,"href":"https:\/\/www.entelequiacultura.com\/ca\/wp-json\/wp\/v2\/comments?post=33725"}],"version-history":[{"count":0,"href":"https:\/\/www.entelequiacultura.com\/ca\/wp-json\/wp\/v2\/posts\/33725\/revisions"}],"wp:featuredmedia":[{"embeddable":true,"href":"https:\/\/www.entelequiacultura.com\/ca\/wp-json\/wp\/v2\/media\/33432"}],"wp:attachment":[{"href":"https:\/\/www.entelequiacultura.com\/ca\/wp-json\/wp\/v2\/media?parent=33725"}],"wp:term":[{"taxonomy":"category","embeddable":true,"href":"https:\/\/www.entelequiacultura.com\/ca\/wp-json\/wp\/v2\/categories?post=33725"},{"taxonomy":"post_tag","embeddable":true,"href":"https:\/\/www.entelequiacultura.com\/ca\/wp-json\/wp\/v2\/tags?post=33725"}],"curies":[{"name":"wp","href":"https:\/\/api.w.org\/{rel}","templated":true}]}}