{"id":33149,"date":"2020-05-09T10:23:12","date_gmt":"2020-05-09T08:23:12","guid":{"rendered":"https:\/\/www.entelequiacultura.com\/?p=33149"},"modified":"2020-05-11T21:49:48","modified_gmt":"2020-05-11T19:49:48","slug":"sustrato","status":"publish","type":"post","link":"https:\/\/www.entelequiacultura.com\/ca\/sustrato\/","title":{"rendered":"&#8216;Sustrato&#8217;: Narrativa, poesia, il\u00b7lustraci\u00f3 i fotografia"},"content":{"rendered":"<div class=\"row \"><div class=\"wpv-grid grid-1-1  wpv-first-level first unextended\" style=\"padding-top:0px;padding-bottom:0px\" id=\"wpv-column-b7c9dfbb6f7d511c3b920f378b442266\" ><div class=\"row \"><div class=\"wpv-grid grid-1-1  first unextended\" style=\"padding-top:0px;padding-bottom:0px\" id=\"wpv-column-7a8b839354a10e37943c4f20db1c0d20\" ><div class=\"row \"><div class=\"wpv-grid grid-1-1  first unextended\" style=\"padding-top:0px;padding-bottom:0px\" id=\"wpv-column-e723f4ac196ecf4cac62951c8f0bedfd\" ><p>Ens fa molta il\u00b7lusi\u00f3 presentar-vos el primer llibre publicat per Entel\u00e8quia Cultura i que ens va arribar fa uns dies, perqu\u00e8 els exemplars van quedar confinats en la impremta.<\/p>\n<p>\u00abSustrato\u00bb \u00e9s una antologia d&#8217;obres de persones que van assistir a un, o varis, de les trobades culturals que vam organitzar durant els anys 2018 i 2019. Algunes de les creacions es van gestar <em>in situ<\/em>; unes altres van arribar en forma embrion\u00e0ria i all\u00ed es van acabar de desenvolupar; i unes altres van n\u00e9ixer a partir de l&#8217;apr\u00e8s i experimentat en ells.<\/p>\n<p>El nostre agra\u00efment infinit a totes les persones que han col\u00b7laborat amb les seves creacions, in\u00e8dites en la majoria de casos, per a conformar aquest llibre. Gr\u00e0cies reiterades a Ben Clark i a Sara Mesa per la generositat dels seus pr\u00f2legs.<\/p>\n<p>En aquest <a href=\"https:\/\/www.entelequiacultura.com\/ca\/publicaciones\/\">enlla\u00e7<\/a> podeu veure la relaci\u00f3 d&#8217;obres i els seus autors.<\/div><\/div><\/div><\/div><\/div><\/div>\n","protected":false},"excerpt":{"rendered":"<p>Ens fa molta il\u00b7lusi\u00f3 presentar-vos el primer llibre publicat per Entel\u00e8quia Cultura i que ens va arribar fa uns dies, perqu\u00e8 els exemplars van quedar confinats en la impremta. \u00abSustrato\u00bb&#8230;<\/p>\n","protected":false},"author":1,"featured_media":33193,"comment_status":"open","ping_status":"open","sticky":false,"template":"","format":"image","meta":{"_price":"","_stock":"","_tribe_ticket_header":"","_tribe_default_ticket_provider":"","_tribe_ticket_capacity":"0","_ticket_start_date":"","_ticket_end_date":"","_tribe_ticket_show_description":"","_tribe_ticket_show_not_going":false,"_tribe_ticket_use_global_stock":"","_tribe_ticket_global_stock_level":"","_global_stock_mode":"","_global_stock_cap":"","_tribe_rsvp_for_event":"","_tribe_ticket_going_count":"","_tribe_ticket_not_going_count":"","_tribe_tickets_list":"[]","_tribe_ticket_has_attendee_info_fields":false,"footnotes":""},"categories":[168],"tags":[],"class_list":["post-33149","post","type-post","status-publish","format-image","has-post-thumbnail","hentry","category-sin-categoria","post_format-post-format-image"],"aioseo_notices":[],"_links":{"self":[{"href":"https:\/\/www.entelequiacultura.com\/ca\/wp-json\/wp\/v2\/posts\/33149","targetHints":{"allow":["GET"]}}],"collection":[{"href":"https:\/\/www.entelequiacultura.com\/ca\/wp-json\/wp\/v2\/posts"}],"about":[{"href":"https:\/\/www.entelequiacultura.com\/ca\/wp-json\/wp\/v2\/types\/post"}],"author":[{"embeddable":true,"href":"https:\/\/www.entelequiacultura.com\/ca\/wp-json\/wp\/v2\/users\/1"}],"replies":[{"embeddable":true,"href":"https:\/\/www.entelequiacultura.com\/ca\/wp-json\/wp\/v2\/comments?post=33149"}],"version-history":[{"count":0,"href":"https:\/\/www.entelequiacultura.com\/ca\/wp-json\/wp\/v2\/posts\/33149\/revisions"}],"wp:featuredmedia":[{"embeddable":true,"href":"https:\/\/www.entelequiacultura.com\/ca\/wp-json\/wp\/v2\/media\/33193"}],"wp:attachment":[{"href":"https:\/\/www.entelequiacultura.com\/ca\/wp-json\/wp\/v2\/media?parent=33149"}],"wp:term":[{"taxonomy":"category","embeddable":true,"href":"https:\/\/www.entelequiacultura.com\/ca\/wp-json\/wp\/v2\/categories?post=33149"},{"taxonomy":"post_tag","embeddable":true,"href":"https:\/\/www.entelequiacultura.com\/ca\/wp-json\/wp\/v2\/tags?post=33149"}],"curies":[{"name":"wp","href":"https:\/\/api.w.org\/{rel}","templated":true}]}}