{"id":32889,"date":"2020-04-29T19:09:35","date_gmt":"2020-04-29T17:09:35","guid":{"rendered":"https:\/\/www.entelequiacultura.com\/?p=32889"},"modified":"2020-05-05T09:22:00","modified_gmt":"2020-05-05T07:22:00","slug":"cronicagoyailafinitudhumana","status":"publish","type":"post","link":"https:\/\/www.entelequiacultura.com\/ca\/cronicagoyailafinitudhumana\/","title":{"rendered":"Cr\u00f2nica de la confer\u00e8ncia &#8216;Goya i la finitud humana&#8217; de Joan-Carles M\u00e8lich"},"content":{"rendered":"<div class=\"row \"><div class=\"wpv-grid grid-1-1  wpv-first-level first unextended\" style=\"padding-top:0px;padding-bottom:0px\" id=\"wpv-column-fc61f829a67cbaa704d68561a7fcd7ad\" ><div class=\"row \"><div class=\"wpv-grid grid-1-1  first unextended\" style=\"padding-top:0px;padding-bottom:0px\" id=\"wpv-column-463fb8a2777a7ca6bf0b38dd73d392b7\" ><div class=\"row \"><div class=\"wpv-grid grid-1-1  first unextended\" style=\"padding-top:0px;padding-bottom:0px\" id=\"wpv-column-3ca3ac7490b90f4c188d476ec048d021\" ><p>\u201cNo s\u00f3c un expert en l&#8217;obra de Goya, ni un cr\u00edtic o un historiador de l&#8217;art. Per aix\u00f2 \u00e9s necessari advertir que aquesta confer\u00e8ncia ser\u00e0 un intent de trencar disciplines acad\u00e8miques i de posar en relaci\u00f3 <em>un<\/em>\u00a0autor i <em>unes<\/em>\u00a0obres amb un pensament sobre la finitud, de la mort, de la crueltat, del temps i de la compassi\u00f3 [\u2026] Si el pensament t\u00e9 per objecte l&#8217;exist\u00e8ncia, si la gran pregunta antropol\u00f2gica \u00e9s, en definitiva, qu\u00e8 som? o qu\u00e8 \u00e9s l&#8217;\u00e9sser hum\u00e0?, o, millor encara, com hem arribat a ser el que som? \u00e9s necessari abandonar la l\u00f2gica disciplin\u00e0ria.\u201d<\/p>\n<p>Amb aquest \u201cadvertiment\u201d <strong>Joan-Carles M\u00e8lich<\/strong> iniciava ahir la confer\u00e8ncia \u2018<strong>Goya i la finitud humana<\/strong>\u2019 amb \u00a0l&#8217;objectiu de fer dialogar al mestre aragon\u00e8s amb els grans. I aix\u00ed, sense por a aquests puristes que constrenyen, ens va fer reflexionar sobre el pensament <em>figural\u00a0<\/em>de Francisco de Goya. Aquest pensament, que excedeix les paraules, manifest en la seva obra, on la pres\u00e8ncia del temps, la mort i la terrible capacitat de l&#8217;\u00e9sser hum\u00e0 per a exercir la viol\u00e8ncia sempre est\u00e0 present. No s\u00f3n pocs els que es van inspirar en ella per a representar l&#8217;horror, com per exemple Pablo Picasso o Zoran Music. Per\u00f2 en els seus quadres, en el seu pensament, tamb\u00e9 t\u00e9 cabuda la compassi\u00f3 i l&#8217;hospitalitat (com veiem en \u201cAutoretrat amb el doctor Arrieta\u201d), perqu\u00e8 l&#8217;ambig\u00fcitat \u00e9s caracter\u00edstica intr\u00ednseca a la nostra esp\u00e8cie.<\/p>\n<p>De la m\u00e0 de Joan-Carles, vam passejar per la Quinta del Sordo i les \u201cPintures Negres\u201d, \u00a0fent una parada atenta davant el \u201cSaturn devorant al seu fill\u201d, mite representat per molts artistes, per\u00f2 sota mirades molt diferents. El llen\u00e7 ens va portar, de forma obligada, a reflexionar sobre el temps, la vida, la mort\u2026 \u00e9s a dir, sobre la finitud humana. En aquest di\u00e0leg van intervenir tamb\u00e9 Nietzsche, Thomas Mann, Zambrano, Kafka, Woolf, Beauvoir, Levinas, Borges, entre altres, i junts, tots, vam viatjar d&#8217;aqu\u00ed cap all\u00e0, i viceversa, pel gran enigma de la vida.<\/p>\n<p>Despr\u00e9s de la meravellosa confer\u00e8ncia es va obrir un intens debat que es va allargar una mica m\u00e9s del que vam preveure, perqu\u00e8 irremeiablement quan s&#8217;est\u00e0 escoltant a Joan-Carles M\u00e8lich el temps es det\u00e9. El temps \u00e9s <em>Kair\u00f3s<\/em>. Mentre ho escolt\u00e0vem \u00e9rem-all\u00e0 i aix\u00f2, amics i amigues, \u00e9s el veritablement fonamental: <em>ser-hi<\/em>!<\/p>\n<p>Des d&#8217;aqu\u00ed reiterem el nostre agra\u00efment tant a Joan-Carles M\u00e8lich com a totes les persones que ens van acompanyar en la preciosa travessia.<\/div><\/div><\/div><\/div><\/div><\/div>\n","protected":false},"excerpt":{"rendered":"<p>\u201cNo s\u00f3c un expert en l&#8217;obra de Goya, ni un cr\u00edtic o un historiador de l&#8217;art. Per aix\u00f2 \u00e9s necessari advertir que aquesta confer\u00e8ncia ser\u00e0 un intent de trencar disciplines&#8230;<\/p>\n","protected":false},"author":1,"featured_media":32677,"comment_status":"open","ping_status":"open","sticky":false,"template":"","format":"image","meta":{"_price":"","_stock":"","_tribe_ticket_header":"","_tribe_default_ticket_provider":"","_tribe_ticket_capacity":"0","_ticket_start_date":"","_ticket_end_date":"","_tribe_ticket_show_description":"","_tribe_ticket_show_not_going":false,"_tribe_ticket_use_global_stock":"","_tribe_ticket_global_stock_level":"","_global_stock_mode":"","_global_stock_cap":"","_tribe_rsvp_for_event":"","_tribe_ticket_going_count":"","_tribe_ticket_not_going_count":"","_tribe_tickets_list":"[]","_tribe_ticket_has_attendee_info_fields":false,"footnotes":""},"categories":[168],"tags":[],"class_list":["post-32889","post","type-post","status-publish","format-image","has-post-thumbnail","hentry","category-sin-categoria","post_format-post-format-image"],"aioseo_notices":[],"_links":{"self":[{"href":"https:\/\/www.entelequiacultura.com\/ca\/wp-json\/wp\/v2\/posts\/32889","targetHints":{"allow":["GET"]}}],"collection":[{"href":"https:\/\/www.entelequiacultura.com\/ca\/wp-json\/wp\/v2\/posts"}],"about":[{"href":"https:\/\/www.entelequiacultura.com\/ca\/wp-json\/wp\/v2\/types\/post"}],"author":[{"embeddable":true,"href":"https:\/\/www.entelequiacultura.com\/ca\/wp-json\/wp\/v2\/users\/1"}],"replies":[{"embeddable":true,"href":"https:\/\/www.entelequiacultura.com\/ca\/wp-json\/wp\/v2\/comments?post=32889"}],"version-history":[{"count":0,"href":"https:\/\/www.entelequiacultura.com\/ca\/wp-json\/wp\/v2\/posts\/32889\/revisions"}],"wp:featuredmedia":[{"embeddable":true,"href":"https:\/\/www.entelequiacultura.com\/ca\/wp-json\/wp\/v2\/media\/32677"}],"wp:attachment":[{"href":"https:\/\/www.entelequiacultura.com\/ca\/wp-json\/wp\/v2\/media?parent=32889"}],"wp:term":[{"taxonomy":"category","embeddable":true,"href":"https:\/\/www.entelequiacultura.com\/ca\/wp-json\/wp\/v2\/categories?post=32889"},{"taxonomy":"post_tag","embeddable":true,"href":"https:\/\/www.entelequiacultura.com\/ca\/wp-json\/wp\/v2\/tags?post=32889"}],"curies":[{"name":"wp","href":"https:\/\/api.w.org\/{rel}","templated":true}]}}