{"id":32750,"date":"2020-04-19T08:55:17","date_gmt":"2020-04-19T06:55:17","guid":{"rendered":"https:\/\/www.entelequiacultura.com\/?p=32750"},"modified":"2020-04-19T08:55:17","modified_gmt":"2020-04-19T06:55:17","slug":"trobades-virtuals","status":"publish","type":"post","link":"https:\/\/www.entelequiacultura.com\/ca\/trobades-virtuals\/","title":{"rendered":"Algunes novetats"},"content":{"rendered":"<div class=\"row \"><div class=\"wpv-grid grid-1-1  wpv-first-level first unextended\" style=\"padding-top:0px;padding-bottom:0px\" id=\"wpv-column-c82b7b6c81762808375bc6f019e598e2\" ><div class=\"row \"><div class=\"wpv-grid grid-1-1  first unextended\" style=\"padding-top:0px;padding-bottom:0px\" id=\"wpv-column-e790fbd4572f003e39cefa64d976e34e\" ><div class=\"row \"><div class=\"wpv-grid grid-1-1  first unextended\" style=\"padding-top:0px;padding-bottom:0px\" id=\"wpv-column-890866638fb5968e3b18a44a1436e70c\" ><p>Amigues i amics estimats,<\/p>\n<p>Esperem que estigueu molt b\u00e9,\u00a0dins de les circumst\u00e0ncies que vivim.\u00a0Per aqu\u00ed seguim\u00a0amb moltes ganes de poder tornar a compartir\u00a0amb vosaltres vida i coneixement, per\u00f2\u00a0haurem d&#8217;esperar algun temps per a poder repetir aquestes experi\u00e8ncies \u00faniques.<\/p>\n<p>Mentre arriba aquest dia, estem preparant algunes trobades \u2018virtuals\u2019 (tert\u00falies, confer\u00e8ncies, cursos\u2026) que, com sempre, seran impartits per autors i artistes de refer\u00e8ncia en el seu \u00e0mbit.<\/p>\n<p>Encara que, com sabeu, l&#8217;ess\u00e8ncia d&#8217;Entel\u00e8quia es basa en trobades\u00a0personals\u00a0per a afavorir l&#8217;aprenentatge i el\u00a0contacte directe i \u00edntim tant\u00a0amb l&#8217;autor\/a\u00a0que imparteix el curs com amb la resta de persones que assisteixen a ells,\u00a0esperem que aquesta modalitat \u201cvirtual\u201d us resulti d&#8217;inter\u00e8s i que puguem compartir, encara que sigui a trav\u00e9s de la pantalla, tert\u00falies i inquietuds amb els nostres autors de refer\u00e8ncia.<\/p>\n<p>Us anirem informant, en breu, de totes les altres propostes que estem preparant.<\/p>\n<p>Fins aviat! Cuide-vos molt!<\/div><\/div><\/div><\/div><\/div><\/div>\n","protected":false},"excerpt":{"rendered":"<p>Amigues i amics estimats, Esperem que estigueu molt b\u00e9,\u00a0dins de les circumst\u00e0ncies que vivim.\u00a0Per aqu\u00ed seguim\u00a0amb moltes ganes de poder tornar a compartir\u00a0amb vosaltres vida i coneixement, per\u00f2\u00a0haurem d&#8217;esperar algun&#8230;<\/p>\n","protected":false},"author":1,"featured_media":32752,"comment_status":"open","ping_status":"open","sticky":false,"template":"","format":"image","meta":{"_price":"","_stock":"","_tribe_ticket_header":"","_tribe_default_ticket_provider":"","_tribe_ticket_capacity":"0","_ticket_start_date":"","_ticket_end_date":"","_tribe_ticket_show_description":"","_tribe_ticket_show_not_going":false,"_tribe_ticket_use_global_stock":"","_tribe_ticket_global_stock_level":"","_global_stock_mode":"","_global_stock_cap":"","_tribe_rsvp_for_event":"","_tribe_ticket_going_count":"","_tribe_ticket_not_going_count":"","_tribe_tickets_list":"[]","_tribe_ticket_has_attendee_info_fields":false,"footnotes":""},"categories":[168],"tags":[],"class_list":["post-32750","post","type-post","status-publish","format-image","has-post-thumbnail","hentry","category-sin-categoria","post_format-post-format-image"],"aioseo_notices":[],"_links":{"self":[{"href":"https:\/\/www.entelequiacultura.com\/ca\/wp-json\/wp\/v2\/posts\/32750","targetHints":{"allow":["GET"]}}],"collection":[{"href":"https:\/\/www.entelequiacultura.com\/ca\/wp-json\/wp\/v2\/posts"}],"about":[{"href":"https:\/\/www.entelequiacultura.com\/ca\/wp-json\/wp\/v2\/types\/post"}],"author":[{"embeddable":true,"href":"https:\/\/www.entelequiacultura.com\/ca\/wp-json\/wp\/v2\/users\/1"}],"replies":[{"embeddable":true,"href":"https:\/\/www.entelequiacultura.com\/ca\/wp-json\/wp\/v2\/comments?post=32750"}],"version-history":[{"count":0,"href":"https:\/\/www.entelequiacultura.com\/ca\/wp-json\/wp\/v2\/posts\/32750\/revisions"}],"wp:featuredmedia":[{"embeddable":true,"href":"https:\/\/www.entelequiacultura.com\/ca\/wp-json\/wp\/v2\/media\/32752"}],"wp:attachment":[{"href":"https:\/\/www.entelequiacultura.com\/ca\/wp-json\/wp\/v2\/media?parent=32750"}],"wp:term":[{"taxonomy":"category","embeddable":true,"href":"https:\/\/www.entelequiacultura.com\/ca\/wp-json\/wp\/v2\/categories?post=32750"},{"taxonomy":"post_tag","embeddable":true,"href":"https:\/\/www.entelequiacultura.com\/ca\/wp-json\/wp\/v2\/tags?post=32750"}],"curies":[{"name":"wp","href":"https:\/\/api.w.org\/{rel}","templated":true}]}}