{"id":32067,"date":"2020-02-02T13:15:24","date_gmt":"2020-02-02T12:15:24","guid":{"rendered":"https:\/\/www.entelequiacultura.com\/?p=32067"},"modified":"2020-02-07T08:15:18","modified_gmt":"2020-02-07T07:15:18","slug":"seminari-joan-carles-melich","status":"publish","type":"post","link":"https:\/\/www.entelequiacultura.com\/ca\/seminari-joan-carles-melich\/","title":{"rendered":"Seminari amb Joan-Carles M\u00e8lich"},"content":{"rendered":"<div class=\"row \"><div class=\"wpv-grid grid-1-1  wpv-first-level first unextended\" style=\"padding-top:0px;padding-bottom:0px\" id=\"wpv-column-9f55a0a81619ce80a46752b85789125f\" ><div class=\"row \"><div class=\"wpv-grid grid-1-1  first unextended\" style=\"padding-top:0px;padding-bottom:0px\" id=\"wpv-column-4fce985bbb925209e5375c2c63d0a63d\" ><div class=\"row \"><div class=\"wpv-grid grid-1-1  first unextended\" style=\"padding-top:0px;padding-bottom:0px\" id=\"wpv-column-6905200810e702071cfc6e379277e923\" ><p>Seguim, afortunadament, amb la resseca del seminari impartit ahir per <strong>Joan-Carles M\u00e8lich<\/strong>: \u00abLa lectura com a forma de vida\u00bb, on es va mostrar que l&#8217;\u00e9sser hum\u00e0 \u00e9s un \u00e9sser lector i que ning\u00fa, fins i tot qui mai hagi llegit un llibre, pot viure al marge dels relats i les ficcions, ja que en n\u00e9ixer heretem, per a b\u00e9 o per a mal, una biblioteca.<\/p>\n<p>Una trobada on van debatre (lluny de dogmes metaf\u00edsics) sobre la nostra condici\u00f3 ambigua i incerta. Una trobada on tamb\u00e9 van acudir, entre altres, Plat\u00f3, Nietzsche, Kant, Proust, Kafka, Flaubert, Zambrano, Beauvoir, Lorca, Ferro, Goya, Chopen\u2026 Una trobada on, una vegada m\u00e9s, es va posar de manifest la saviesa, proximitat i qualitat humana dels \u00abmestres\u00bb que ens acompanyen en Entel\u00e8quia i de totes les persones, mestres tamb\u00e9, que fan possible que l&#8217;experi\u00e8ncia quedi gravada, per sempre, en la nostra retina interna.<\/p>\n<p>A l&#8217;octubre, tornarem a trobar-nos amb Joan-Carles M\u00e8lich, i amb tots els amics que desitgin acompanyar-nos, per a dialogar sobre <a href=\"https:\/\/www.entelequiacultura.com\/ca\/evento\/joan-carles-melich-2\/\">Literatura, finitud i vulnerabilitat<\/a> durant tot un cap de setmana a Tossa de Mar (Girona).<\/p>\n<p>Quines ganes!<\/p>\n<p>&nbsp;<\/p>\n<p>&nbsp;<\/div><\/div><\/div><\/div><\/div><\/div>\n","protected":false},"excerpt":{"rendered":"<p>Seguim, afortunadament, amb la resseca del seminari impartit ahir per Joan-Carles M\u00e8lich: \u00abLa lectura com a forma de vida\u00bb, on es va mostrar que l&#8217;\u00e9sser hum\u00e0 \u00e9s un \u00e9sser lector&#8230;<\/p>\n","protected":false},"author":1,"featured_media":32074,"comment_status":"open","ping_status":"open","sticky":false,"template":"","format":"image","meta":{"_price":"","_stock":"","_tribe_ticket_header":"","_tribe_default_ticket_provider":"","_tribe_ticket_capacity":"0","_ticket_start_date":"","_ticket_end_date":"","_tribe_ticket_show_description":"","_tribe_ticket_show_not_going":false,"_tribe_ticket_use_global_stock":"","_tribe_ticket_global_stock_level":"","_global_stock_mode":"","_global_stock_cap":"","_tribe_rsvp_for_event":"","_tribe_ticket_going_count":"","_tribe_ticket_not_going_count":"","_tribe_tickets_list":"[]","_tribe_ticket_has_attendee_info_fields":false,"footnotes":""},"categories":[168],"tags":[],"class_list":["post-32067","post","type-post","status-publish","format-image","has-post-thumbnail","hentry","category-sin-categoria","post_format-post-format-image"],"aioseo_notices":[],"_links":{"self":[{"href":"https:\/\/www.entelequiacultura.com\/ca\/wp-json\/wp\/v2\/posts\/32067","targetHints":{"allow":["GET"]}}],"collection":[{"href":"https:\/\/www.entelequiacultura.com\/ca\/wp-json\/wp\/v2\/posts"}],"about":[{"href":"https:\/\/www.entelequiacultura.com\/ca\/wp-json\/wp\/v2\/types\/post"}],"author":[{"embeddable":true,"href":"https:\/\/www.entelequiacultura.com\/ca\/wp-json\/wp\/v2\/users\/1"}],"replies":[{"embeddable":true,"href":"https:\/\/www.entelequiacultura.com\/ca\/wp-json\/wp\/v2\/comments?post=32067"}],"version-history":[{"count":0,"href":"https:\/\/www.entelequiacultura.com\/ca\/wp-json\/wp\/v2\/posts\/32067\/revisions"}],"wp:featuredmedia":[{"embeddable":true,"href":"https:\/\/www.entelequiacultura.com\/ca\/wp-json\/wp\/v2\/media\/32074"}],"wp:attachment":[{"href":"https:\/\/www.entelequiacultura.com\/ca\/wp-json\/wp\/v2\/media?parent=32067"}],"wp:term":[{"taxonomy":"category","embeddable":true,"href":"https:\/\/www.entelequiacultura.com\/ca\/wp-json\/wp\/v2\/categories?post=32067"},{"taxonomy":"post_tag","embeddable":true,"href":"https:\/\/www.entelequiacultura.com\/ca\/wp-json\/wp\/v2\/tags?post=32067"}],"curies":[{"name":"wp","href":"https:\/\/api.w.org\/{rel}","templated":true}]}}