{"id":31949,"date":"2019-12-29T09:51:28","date_gmt":"2019-12-29T08:51:28","guid":{"rendered":"https:\/\/www.entelequiacultura.com\/?p=31949"},"modified":"2019-12-29T09:51:28","modified_gmt":"2019-12-29T08:51:28","slug":"de-senectute-politica","status":"publish","type":"post","link":"https:\/\/www.entelequiacultura.com\/ca\/de-senectute-politica\/","title":{"rendered":"De senectute politica"},"content":{"rendered":"<div class=\"row \"><div class=\"wpv-grid grid-1-1  wpv-first-level first unextended\" style=\"padding-top:0px;padding-bottom:0px\" id=\"wpv-column-203e909499b786ec31b420b330a2369b\" ><div class=\"row \"><div class=\"wpv-grid grid-1-1  first unextended\" style=\"padding-top:0px;padding-bottom:0px\" id=\"wpv-column-b082f9a6d20638792582c7adbde232ab\" ><div class=\"row \"><div class=\"wpv-grid grid-1-1  first unextended\" style=\"padding-top:0px;padding-bottom:0px\" id=\"wpv-column-712973a9cd4c24fbe131072b51ddb206\" ><p>Amb motiu de la pr\u00f2xima trobada amb <strong>Pedro Olalla<\/strong>, aprofitem per a compartir unes breus notes sobre la lectura que vam fer del seu \u00faltim llibre &#8220;De senectute politica&#8221;, tercer lliurament de la seva &#8220;Trilogia de la <em>Aristeia<\/em>&#8221; (Acantilado), continguts que serviran de suport per al taller &#8220;<a href=\"https:\/\/www.entelequiacultura.com\/ca\/evento\/pedro-olalla-2\/\">La necessitat de l&#8217;humanisme<\/a>&#8221; que impartir\u00e0 el cap de setmana del 27 al 29 de mar\u00e7 a Tossa de Mar.<\/p>\n<p><em>De senectute politica<\/em><br \/>\n<em>Carta sin respuesta a Cicer\u00f3n<\/em><\/p>\n<p>La refutaci\u00f3 dels quatre motius pels quals la vellesa pot semblar miserable \u00e9s al que, essencialment, Cicer\u00f3 dedica la seva espl\u00e8ndida <em>De senectude<\/em>. L&#8217;\u00fanica obra llatina, segons afirmen alguns estudiosos, exclusivament consagrada als ancians. Cicer\u00f3 ho va fer a la manera grega, mitjan\u00e7ant el di\u00e0leg i es va servir de l&#8217;autoritat del gran Cat\u00f3 per a exposar els seus arguments.<\/p>\n<p>Pedro Olalla, en el seu fascinant<em> De senectute politica<\/em>, tamb\u00e9 recorre a una manera grega, en aquest cas al g\u00e8nere epistolar. Partint d&#8217;uns versos de Safo, trobats en uns fragments de papir reutilitzats per a amortallar una m\u00f2mia d&#8217;Egipte, un \u00c0tic del segle XXI (\u00e9s a dir, el mateix autor) remet una missiva al gran pensador llat\u00ed, amb qui entaula un v\u00edvid di\u00e0leg.<\/p>\n<p>Per\u00f2 la seva ep\u00edstola no \u00e9s nom\u00e9s una extraordin\u00e0ria apologia a la vellesa, com alguns apunten, sin\u00f3 que se serveix d&#8217;ella per a mostrar-nos l&#8217;actual versi\u00f3 d&#8217;una degenerada democr\u00e0cia. Aborda en el seu llibre temes com la corrupci\u00f3 pol\u00edtica, la precarietat sota la qual viu gran part de la societat, la necessitat de m\u00e9s cooperaci\u00f3 ciutadana, el servei que presten avui els ancians en les nostres societats, la inigualdad de g\u00e8nere, la urg\u00e8ncia d&#8217;un canvi de mentalitat i d&#8217;actitud per part dels ciutadans, entre molts altres temes essencials.<\/p>\n<p>Pedro Olalla escriu un savi assaig filos\u00f2fic que absorbeix la nostra atenci\u00f3 al llarg de les seves noranta p\u00e0gines, tant per la lucidesa dels seus arguments com per la bellesa de la seva prosa, en el qual intercala precioses llegendes, com la que reprodu\u00efm a continuaci\u00f3:<\/p>\n<p>\u00abPor esas esquirlas, como si se tratara de una escena pintada sobre un \u00e1nfora rota, conjeturamos que la Aurora se enamor\u00f3 del apuesto Titono, y que, para poder gozar eternamente de su amor y de su compa\u00f1\u00eda, lleg\u00f3 a rogarle a Zeus que lo hiciera inmortal. El soberano ol\u00edmpico accedi\u00f3, y Titono fue dispensado de la muerte, pero no qued\u00f3 libre del tiempo y la vejez. As\u00ed que, a\u00f1o tras a\u00f1o, envejec\u00eda al lado de su joven esposa \u2014eternamente joven\u2014, sinti\u00e9ndose atrapado en un destino extra\u00f1o y tr\u00e1gico, ajeno a los mortales tanto como a los dioses. Consumido y decr\u00e9pito, acab\u00f3 recluy\u00e9ndose en su lecho, donde continu\u00f3 menguando, y donde, cada noche, segu\u00eda visit\u00e1ndolo la compasiva Aurora, a la que no pod\u00eda hacer llegar m\u00e1s que un quejido arrancado con esfuerzo de sus abatidas entra\u00f1as. Un dios \u2014no sabemos qui\u00e9n fue\u2014 se apiad\u00f3 de \u00e9l y lo mud\u00f3 en insecto, en adusta cigarra, que desde entonces gime con desgarro y vive de las gotas de roc\u00edo que la Aurora derrama como l\u00e1grimas. A esto se a\u00f1ade un autor del tiempo de Ner\u00f3n \u2014entretejiendo el mito de Titono con el de la Sibila cumana\u2014 que aquello que repite con cadencia tenaz la voz de la cigarra (<i>\u00a1Mori\u2026, Mori\u2026, Mori\u2026!<\/i>) no es otra cosa que una s\u00faplica para que su muerte no siga demor\u00e1ndose.\u00bb<\/p>\n<p>No deixeu de llegir aquest meravell\u00f3s llibre!<\/div><\/div><\/div><\/div><\/div><\/div>\n","protected":false},"excerpt":{"rendered":"<p>Amb motiu de la pr\u00f2xima trobada amb Pedro Olalla, aprofitem per a compartir unes breus notes sobre la lectura que vam fer del seu \u00faltim llibre &#8220;De senectute politica&#8221;, tercer&#8230;<\/p>\n","protected":false},"author":1,"featured_media":31951,"comment_status":"open","ping_status":"open","sticky":false,"template":"","format":"image","meta":{"_price":"","_stock":"","_tribe_ticket_header":"","_tribe_default_ticket_provider":"","_tribe_ticket_capacity":"0","_ticket_start_date":"","_ticket_end_date":"","_tribe_ticket_show_description":"","_tribe_ticket_show_not_going":false,"_tribe_ticket_use_global_stock":"","_tribe_ticket_global_stock_level":"","_global_stock_mode":"","_global_stock_cap":"","_tribe_rsvp_for_event":"","_tribe_ticket_going_count":"","_tribe_ticket_not_going_count":"","_tribe_tickets_list":"[]","_tribe_ticket_has_attendee_info_fields":false,"footnotes":""},"categories":[168],"tags":[],"class_list":["post-31949","post","type-post","status-publish","format-image","has-post-thumbnail","hentry","category-sin-categoria","post_format-post-format-image"],"aioseo_notices":[],"_links":{"self":[{"href":"https:\/\/www.entelequiacultura.com\/ca\/wp-json\/wp\/v2\/posts\/31949","targetHints":{"allow":["GET"]}}],"collection":[{"href":"https:\/\/www.entelequiacultura.com\/ca\/wp-json\/wp\/v2\/posts"}],"about":[{"href":"https:\/\/www.entelequiacultura.com\/ca\/wp-json\/wp\/v2\/types\/post"}],"author":[{"embeddable":true,"href":"https:\/\/www.entelequiacultura.com\/ca\/wp-json\/wp\/v2\/users\/1"}],"replies":[{"embeddable":true,"href":"https:\/\/www.entelequiacultura.com\/ca\/wp-json\/wp\/v2\/comments?post=31949"}],"version-history":[{"count":0,"href":"https:\/\/www.entelequiacultura.com\/ca\/wp-json\/wp\/v2\/posts\/31949\/revisions"}],"wp:featuredmedia":[{"embeddable":true,"href":"https:\/\/www.entelequiacultura.com\/ca\/wp-json\/wp\/v2\/media\/31951"}],"wp:attachment":[{"href":"https:\/\/www.entelequiacultura.com\/ca\/wp-json\/wp\/v2\/media?parent=31949"}],"wp:term":[{"taxonomy":"category","embeddable":true,"href":"https:\/\/www.entelequiacultura.com\/ca\/wp-json\/wp\/v2\/categories?post=31949"},{"taxonomy":"post_tag","embeddable":true,"href":"https:\/\/www.entelequiacultura.com\/ca\/wp-json\/wp\/v2\/tags?post=31949"}],"curies":[{"name":"wp","href":"https:\/\/api.w.org\/{rel}","templated":true}]}}