{"id":31654,"date":"2019-11-24T11:08:40","date_gmt":"2019-11-24T10:08:40","guid":{"rendered":"https:\/\/www.entelequiacultura.com\/?p=31654"},"modified":"2019-11-24T11:13:29","modified_gmt":"2019-11-24T10:13:29","slug":"surti-del-corrent-2","status":"publish","type":"post","link":"https:\/\/www.entelequiacultura.com\/ca\/surti-del-corrent-2\/","title":{"rendered":"Escriure i pintar amb Paula Bonet"},"content":{"rendered":"<div class=\"row \"><div class=\"wpv-grid grid-1-1  wpv-first-level first unextended\" style=\"padding-top:0px;padding-bottom:0px\" id=\"wpv-column-21eb325b683d9a733f46f873d00c5534\" ><div class=\"row \"><div class=\"wpv-grid grid-1-1  first unextended\" style=\"padding-top:0px;padding-bottom:0px\" id=\"wpv-column-f2c48e213d2c82839b12c75fba8c0420\" ><p>Emotiva i \u00edntima jornada la que vam mantenir ahir en l&#8217;estudi de Paula Bonet, qui va impartir el taller <a href=\"https:\/\/www.entelequiacultura.com\/ca\/evento\/paula-bonet\/\">La paraula com a taca<\/a>. Despr\u00e9s de unes hores de teoria, que van servir per a aprofundir en la comunicaci\u00f3 entre el llenguatge escrit i el visual i en l&#8217;experi\u00e8ncia creativa de la mateixa autora i d&#8217;altres escriptores i artistes que l&#8217;han influenciat (les seves \u201cdespertadores\u201d), vam tenir oportunitat, seguint els seus consells, de crear els nostres particulars llibres-acordi\u00f3 en els quals la paraula i la imatge van tenir el mateix pes.<\/p>\n<p>Exercicis que van servir per a mostrar veritats, en els quals va c\u00f3rrer el grafit, l&#8217;acr\u00edlic, la tinta\u2026 i que van provocar algunes ll\u00e0grimes.<\/p>\n<p>Amics i amigues van venir des de Pamplona, Ciudad Real, Girona, Tarragona i Barcelona per a participar en aquesta trobada tan especial.<\/div><\/div><\/div><\/div>\n","protected":false},"excerpt":{"rendered":"<p>Emotiva i \u00edntima jornada la que vam mantenir ahir en l&#8217;estudi de Paula Bonet, qui va impartir el taller La paraula com a taca. Despr\u00e9s de unes hores de teoria,&#8230;<\/p>\n","protected":false},"author":1,"featured_media":31656,"comment_status":"open","ping_status":"open","sticky":false,"template":"","format":"image","meta":{"_price":"","_stock":"","_tribe_ticket_header":"","_tribe_default_ticket_provider":"","_tribe_ticket_capacity":"0","_ticket_start_date":"","_ticket_end_date":"","_tribe_ticket_show_description":"","_tribe_ticket_show_not_going":false,"_tribe_ticket_use_global_stock":"","_tribe_ticket_global_stock_level":"","_global_stock_mode":"","_global_stock_cap":"","_tribe_rsvp_for_event":"","_tribe_ticket_going_count":"","_tribe_ticket_not_going_count":"","_tribe_tickets_list":"[]","_tribe_ticket_has_attendee_info_fields":false,"footnotes":""},"categories":[168],"tags":[],"class_list":["post-31654","post","type-post","status-publish","format-image","has-post-thumbnail","hentry","category-sin-categoria","post_format-post-format-image"],"aioseo_notices":[],"_links":{"self":[{"href":"https:\/\/www.entelequiacultura.com\/ca\/wp-json\/wp\/v2\/posts\/31654","targetHints":{"allow":["GET"]}}],"collection":[{"href":"https:\/\/www.entelequiacultura.com\/ca\/wp-json\/wp\/v2\/posts"}],"about":[{"href":"https:\/\/www.entelequiacultura.com\/ca\/wp-json\/wp\/v2\/types\/post"}],"author":[{"embeddable":true,"href":"https:\/\/www.entelequiacultura.com\/ca\/wp-json\/wp\/v2\/users\/1"}],"replies":[{"embeddable":true,"href":"https:\/\/www.entelequiacultura.com\/ca\/wp-json\/wp\/v2\/comments?post=31654"}],"version-history":[{"count":0,"href":"https:\/\/www.entelequiacultura.com\/ca\/wp-json\/wp\/v2\/posts\/31654\/revisions"}],"wp:featuredmedia":[{"embeddable":true,"href":"https:\/\/www.entelequiacultura.com\/ca\/wp-json\/wp\/v2\/media\/31656"}],"wp:attachment":[{"href":"https:\/\/www.entelequiacultura.com\/ca\/wp-json\/wp\/v2\/media?parent=31654"}],"wp:term":[{"taxonomy":"category","embeddable":true,"href":"https:\/\/www.entelequiacultura.com\/ca\/wp-json\/wp\/v2\/categories?post=31654"},{"taxonomy":"post_tag","embeddable":true,"href":"https:\/\/www.entelequiacultura.com\/ca\/wp-json\/wp\/v2\/tags?post=31654"}],"curies":[{"name":"wp","href":"https:\/\/api.w.org\/{rel}","templated":true}]}}