{"id":30873,"date":"2019-05-14T12:49:33","date_gmt":"2019-05-14T10:49:33","guid":{"rendered":"https:\/\/www.entelequiacultura.com\/?p=30873"},"modified":"2019-07-03T08:55:22","modified_gmt":"2019-07-03T06:55:22","slug":"taller-ben-clark","status":"publish","type":"post","link":"https:\/\/www.entelequiacultura.com\/ca\/taller-ben-clark\/","title":{"rendered":"Seminari-taller po\u00e8tic amb Ben Clark"},"content":{"rendered":"<div class=\"row \"><div class=\"wpv-grid grid-1-1  wpv-first-level first unextended\" style=\"padding-top:0px;padding-bottom:0px\" id=\"wpv-column-46f83bec5834b8019586634835739c1f\" ><div>\n<p>Dissabte passat vam posar en pr\u00e0ctica un nou format d&#8217;esdeveniments en Entel\u00e8quia Cultura. Vam pensar que, a m\u00e9s dels retirs que organitzem durant caps de setmana, oferir la possibilitat d&#8217;assistir a un taller intensiu d&#8217;una \u00fanica jornada a aquelles persones que els resulta dif\u00edcil absentar-se tres dies de les seves llars era una bona alternativa. El resultat ens ho va confirmar.<\/p>\n<p>Vam tenir la sort de comptar amb el coneixement i sensibilitat de Ben <span class=\"hiddenSpellError\">Clark<\/span>, qui va tenir la defer\u00e8ncia de venir des de M\u00e0laga per a inaugurar el\u00a0<span class=\"hiddenGrammarError\">nostre<\/span> primer taller literari intensiu. Un <a href=\"https:\/\/www.entelequiacultura.com\/ca\/esdeveniment\/ben-clark\/\">seminari-taller po\u00e8tic<\/a> fabul\u00f3s i molt productiu. Alguns dels temes tractats van ser:<\/p>\n<ul>\n<li>La poesia en la nostra vida. Qu\u00e8 \u00e9s? On est\u00e0?<\/li>\n<li>Des d\u2019on escrivim? Tradici\u00f3 i modernitat.<\/li>\n<li>Pensament i emoci\u00f3: an\u00e0lisi del fet po\u00e8tic.<\/li>\n<li>Taller de poeta: eines per a forjar l\u2019invisible.<\/li>\n<li>Descobrir la nostra veu. Tem\u00e0tiques i conflictes del m\u00f3n propi.<\/li>\n<li>Llegir un poema. Corregir un poema.<\/li>\n<li>Poesia i traducci\u00f3.<\/li>\n<\/ul>\n<p>A m\u00e9s dels continguts te\u00f2rics que Ben <span class=\"hiddenSpellError\">Clark<\/span> va impartir, vam tenir l&#8217;oportunitat d&#8217;observar les nostres pr\u00f2pies creacions des d&#8217;un punt de vista cl\u00ednic, descomponent i analitzant tots els seus elements. El taller estava dissenyat tant per a formar-nos com escriptors com lectors atents de poesia.<\/p>\n<p>Des d&#8217;aqu\u00ed donem les gr\u00e0cies a Ben <span class=\"hiddenSpellError\">Clark<\/span> i a tots els amics de Barcelona, Tarragona, Eivissa i Madrid que van assistir i van fer de la jornada un dia tan especial.<\/p>\n<\/div><\/div><\/div>\n","protected":false},"excerpt":{"rendered":"<p>Dissabte passat vam posar en pr\u00e0ctica un nou format d&#8217;esdeveniments en Entel\u00e8quia Cultura. Vam pensar que, a m\u00e9s dels retirs que organitzem durant caps de setmana, oferir la possibilitat d&#8217;assistir&#8230;<\/p>\n","protected":false},"author":1,"featured_media":30925,"comment_status":"open","ping_status":"open","sticky":false,"template":"","format":"image","meta":{"_price":"","_stock":"","_tribe_ticket_header":"","_tribe_default_ticket_provider":"","_tribe_ticket_capacity":"0","_ticket_start_date":"","_ticket_end_date":"","_tribe_ticket_show_description":"","_tribe_ticket_show_not_going":false,"_tribe_ticket_use_global_stock":"","_tribe_ticket_global_stock_level":"","_global_stock_mode":"","_global_stock_cap":"","_tribe_rsvp_for_event":"","_tribe_ticket_going_count":"","_tribe_ticket_not_going_count":"","_tribe_tickets_list":"[]","_tribe_ticket_has_attendee_info_fields":false,"footnotes":""},"categories":[168],"tags":[],"class_list":["post-30873","post","type-post","status-publish","format-image","has-post-thumbnail","hentry","category-sin-categoria","post_format-post-format-image"],"aioseo_notices":[],"_links":{"self":[{"href":"https:\/\/www.entelequiacultura.com\/ca\/wp-json\/wp\/v2\/posts\/30873","targetHints":{"allow":["GET"]}}],"collection":[{"href":"https:\/\/www.entelequiacultura.com\/ca\/wp-json\/wp\/v2\/posts"}],"about":[{"href":"https:\/\/www.entelequiacultura.com\/ca\/wp-json\/wp\/v2\/types\/post"}],"author":[{"embeddable":true,"href":"https:\/\/www.entelequiacultura.com\/ca\/wp-json\/wp\/v2\/users\/1"}],"replies":[{"embeddable":true,"href":"https:\/\/www.entelequiacultura.com\/ca\/wp-json\/wp\/v2\/comments?post=30873"}],"version-history":[{"count":0,"href":"https:\/\/www.entelequiacultura.com\/ca\/wp-json\/wp\/v2\/posts\/30873\/revisions"}],"wp:featuredmedia":[{"embeddable":true,"href":"https:\/\/www.entelequiacultura.com\/ca\/wp-json\/wp\/v2\/media\/30925"}],"wp:attachment":[{"href":"https:\/\/www.entelequiacultura.com\/ca\/wp-json\/wp\/v2\/media?parent=30873"}],"wp:term":[{"taxonomy":"category","embeddable":true,"href":"https:\/\/www.entelequiacultura.com\/ca\/wp-json\/wp\/v2\/categories?post=30873"},{"taxonomy":"post_tag","embeddable":true,"href":"https:\/\/www.entelequiacultura.com\/ca\/wp-json\/wp\/v2\/tags?post=30873"}],"curies":[{"name":"wp","href":"https:\/\/api.w.org\/{rel}","templated":true}]}}