{"id":30773,"date":"2019-06-14T12:06:04","date_gmt":"2019-06-14T10:06:04","guid":{"rendered":"https:\/\/www.entelequiacultura.com\/?p=30773"},"modified":"2019-07-03T08:55:08","modified_gmt":"2019-07-03T06:55:08","slug":"taller-literari-amb-pablo-martin-sanchez","status":"publish","type":"post","link":"https:\/\/www.entelequiacultura.com\/ca\/taller-literari-amb-pablo-martin-sanchez\/","title":{"rendered":"Retir literari amb Pablo Mart\u00edn S\u00e1nchez"},"content":{"rendered":"<div class=\"row \"><div class=\"wpv-grid grid-1-1  wpv-first-level first unextended\" style=\"padding-top:0px;padding-bottom:0px\" id=\"wpv-column-607fbc380efa5732f3ca373c66230b4d\" ><div>\n<p><a href=\"https:\/\/www.entelequiacultura.com\/ca\/esdeveniment\/pablo-martin-sanchez\/\"><strong>La for\u00e7a creativa de la trava<\/strong><\/a><br \/>\nRetir literari amb Pablo Mart\u00edn S\u00e1nchez<br \/>\nDel 7 al 9 de juny, Calonge (Girona)<\/p>\n<p>Us sembla possible estimular la creativitat a trav\u00e9s de restriccions autoimposades? \u00c9s a dir, acostar-se al text literari no des de la inspiraci\u00f3 sin\u00f3 atesa una s\u00e8rie de traves?<\/p>\n<p>A aix\u00f2 hem dedicat les sessions del taller d&#8217;escriptura potencial impartit per Pablo Mart\u00edn S\u00e1nchez durant el nostre recent retir literari a Calonge. A partir de les teories desenvolupades pel Oulipo (Ouvroir de Litt\u00e9rature Potentielle), grup fundat a Par\u00eds en 1960 i que ha comptat entre els seus membres m\u00e9s destacats amb autors com Raymond Queneau, Georges Perec o Italo Calvino (i del qual Pablo forma part) vam fer exercicis amb lletres, paraules, frases, par\u00e0grafs&#8230; que ens van permetre accedir a espais creatius fins llavors no transitats. Com ell mateix apuntava en la sinopsi, referint-se a Bertolt Brecht, \u00abquan apareix un obstacle, la dist\u00e0ncia m\u00e9s curta entre dos punts \u00e9s la l\u00ednia corba\u00bb.<\/p>\n<p>Si entre els objectius del taller es trobava reivindicar el car\u00e0cter l\u00fadic de la literatura, podem afirmar que es va aconseguir amb escreix. Hem apr\u00e8s i rigut a parts iguals. A l&#8217;enginy de Pablo Mart\u00edn S\u00e1nchez s&#8217;ha sumat la seva calidesa humana, aix\u00ed com la de totes les persones meravelloses que van venir a aquesta trobada i van aconseguir convertir-lo en una experi\u00e8ncia \u00fanica i inoblidable.<\/p>\n<p>Vam tenir la sort que Isabel Rodr\u00edguez va arribar des de Badajoz carregada amb la seva c\u00e0mera i va immortalitzar l&#8217;esdeveniment amb la seva bonica mirada.<\/p>\n<p>Gr\u00e0cies a tots!<\/p>\n<\/div>\n<div style=\"width: 720px;\" class=\"wp-video\"><video class=\"wp-video-shortcode\" id=\"video-30773-1\" width=\"720\" height=\"720\" poster=\"https:\/\/www.entelequiacultura.com\/wp-content\/uploads\/2019\/06\/39.jpg\" preload=\"metadata\" controls=\"controls\"><source type=\"video\/mp4\" src=\"https:\/\/www.entelequiacultura.com\/wp-content\/uploads\/2019\/06\/VID-20190614-WA0011.mp4?_=1\" \/><a href=\"https:\/\/www.entelequiacultura.com\/wp-content\/uploads\/2019\/06\/VID-20190614-WA0011.mp4\">https:\/\/www.entelequiacultura.com\/wp-content\/uploads\/2019\/06\/VID-20190614-WA0011.mp4<\/a><\/video><\/div><\/div><\/div>\n","protected":false},"excerpt":{"rendered":"<p>La for\u00e7a creativa de la trava Retir literari amb Pablo Mart\u00edn S\u00e1nchez Del 7 al 9 de juny, Calonge (Girona) Us sembla possible estimular la creativitat a trav\u00e9s de restriccions&#8230;<\/p>\n","protected":false},"author":1,"featured_media":30775,"comment_status":"open","ping_status":"open","sticky":false,"template":"","format":"image","meta":{"_price":"","_stock":"","_tribe_ticket_header":"","_tribe_default_ticket_provider":"","_tribe_ticket_capacity":"0","_ticket_start_date":"","_ticket_end_date":"","_tribe_ticket_show_description":"","_tribe_ticket_show_not_going":false,"_tribe_ticket_use_global_stock":"","_tribe_ticket_global_stock_level":"","_global_stock_mode":"","_global_stock_cap":"","_tribe_rsvp_for_event":"","_tribe_ticket_going_count":"","_tribe_ticket_not_going_count":"","_tribe_tickets_list":"[]","_tribe_ticket_has_attendee_info_fields":false,"footnotes":""},"categories":[168],"tags":[],"class_list":["post-30773","post","type-post","status-publish","format-image","has-post-thumbnail","hentry","category-sin-categoria","post_format-post-format-image"],"aioseo_notices":[],"_links":{"self":[{"href":"https:\/\/www.entelequiacultura.com\/ca\/wp-json\/wp\/v2\/posts\/30773","targetHints":{"allow":["GET"]}}],"collection":[{"href":"https:\/\/www.entelequiacultura.com\/ca\/wp-json\/wp\/v2\/posts"}],"about":[{"href":"https:\/\/www.entelequiacultura.com\/ca\/wp-json\/wp\/v2\/types\/post"}],"author":[{"embeddable":true,"href":"https:\/\/www.entelequiacultura.com\/ca\/wp-json\/wp\/v2\/users\/1"}],"replies":[{"embeddable":true,"href":"https:\/\/www.entelequiacultura.com\/ca\/wp-json\/wp\/v2\/comments?post=30773"}],"version-history":[{"count":0,"href":"https:\/\/www.entelequiacultura.com\/ca\/wp-json\/wp\/v2\/posts\/30773\/revisions"}],"wp:featuredmedia":[{"embeddable":true,"href":"https:\/\/www.entelequiacultura.com\/ca\/wp-json\/wp\/v2\/media\/30775"}],"wp:attachment":[{"href":"https:\/\/www.entelequiacultura.com\/ca\/wp-json\/wp\/v2\/media?parent=30773"}],"wp:term":[{"taxonomy":"category","embeddable":true,"href":"https:\/\/www.entelequiacultura.com\/ca\/wp-json\/wp\/v2\/categories?post=30773"},{"taxonomy":"post_tag","embeddable":true,"href":"https:\/\/www.entelequiacultura.com\/ca\/wp-json\/wp\/v2\/tags?post=30773"}],"curies":[{"name":"wp","href":"https:\/\/api.w.org\/{rel}","templated":true}]}}