{"id":29221,"date":"2018-07-20T20:21:55","date_gmt":"2018-07-20T18:21:55","guid":{"rendered":"https:\/\/www.entelequiacultura.com\/?p=29221"},"modified":"2019-07-03T08:56:09","modified_gmt":"2019-07-03T06:56:09","slug":"nuvol","status":"publish","type":"post","link":"https:\/\/www.entelequiacultura.com\/ca\/nuvol\/","title":{"rendered":"Tres dies amb els autors de la teva vida"},"content":{"rendered":"<div class=\"row \"><div class=\"wpv-grid grid-1-1  wpv-first-level first unextended\" style=\"padding-top:0px;padding-bottom:0px\" id=\"wpv-column-d786693ef49dca02b49a252a00f474b0\" ><p>En el diari digital de cultura N\u00favol tamb\u00e9 es fa ress\u00f2 del nostre retir amb l&#8217;escriptor Manuel Vilas a Calonge (Costa Brava). En aquest <a href=\"https:\/\/www.nuvol.com\/noticies\/tres-dies-amb-els-autors-de-la-teva-vida\/\">enllac<\/a> podeu llegir la cr\u00f2nica de l&#8217;Ale Oseguera.<\/p>\n<p>Gr\u00e0cies!<\/div><\/div>\n","protected":false},"excerpt":{"rendered":"<p>En el diari digital de cultura N\u00favol tamb\u00e9 es fa ress\u00f2 del nostre retir amb l&#8217;escriptor Manuel Vilas a Calonge (Costa Brava). En aquest enllac podeu llegir la cr\u00f2nica de&#8230;<\/p>\n","protected":false},"author":1,"featured_media":0,"comment_status":"open","ping_status":"open","sticky":false,"template":"","format":"standard","meta":{"_price":"","_stock":"","_tribe_ticket_header":"","_tribe_default_ticket_provider":"","_tribe_ticket_capacity":"0","_ticket_start_date":"","_ticket_end_date":"","_tribe_ticket_show_description":"","_tribe_ticket_show_not_going":false,"_tribe_ticket_use_global_stock":"","_tribe_ticket_global_stock_level":"","_global_stock_mode":"","_global_stock_cap":"","_tribe_rsvp_for_event":"","_tribe_ticket_going_count":"","_tribe_ticket_not_going_count":"","_tribe_tickets_list":"[]","_tribe_ticket_has_attendee_info_fields":false,"footnotes":""},"categories":[168],"tags":[],"class_list":["post-29221","post","type-post","status-publish","format-standard","hentry","category-sin-categoria"],"aioseo_notices":[],"_links":{"self":[{"href":"https:\/\/www.entelequiacultura.com\/ca\/wp-json\/wp\/v2\/posts\/29221","targetHints":{"allow":["GET"]}}],"collection":[{"href":"https:\/\/www.entelequiacultura.com\/ca\/wp-json\/wp\/v2\/posts"}],"about":[{"href":"https:\/\/www.entelequiacultura.com\/ca\/wp-json\/wp\/v2\/types\/post"}],"author":[{"embeddable":true,"href":"https:\/\/www.entelequiacultura.com\/ca\/wp-json\/wp\/v2\/users\/1"}],"replies":[{"embeddable":true,"href":"https:\/\/www.entelequiacultura.com\/ca\/wp-json\/wp\/v2\/comments?post=29221"}],"version-history":[{"count":0,"href":"https:\/\/www.entelequiacultura.com\/ca\/wp-json\/wp\/v2\/posts\/29221\/revisions"}],"wp:attachment":[{"href":"https:\/\/www.entelequiacultura.com\/ca\/wp-json\/wp\/v2\/media?parent=29221"}],"wp:term":[{"taxonomy":"category","embeddable":true,"href":"https:\/\/www.entelequiacultura.com\/ca\/wp-json\/wp\/v2\/categories?post=29221"},{"taxonomy":"post_tag","embeddable":true,"href":"https:\/\/www.entelequiacultura.com\/ca\/wp-json\/wp\/v2\/tags?post=29221"}],"curies":[{"name":"wp","href":"https:\/\/api.w.org\/{rel}","templated":true}]}}