{"id":29042,"date":"2018-08-02T10:28:43","date_gmt":"2018-08-02T08:28:43","guid":{"rendered":"https:\/\/www.entelequiacultura.com\/?p=29042"},"modified":"2019-07-03T08:55:47","modified_gmt":"2019-07-03T06:55:47","slug":"quiero","status":"publish","type":"post","link":"https:\/\/www.entelequiacultura.com\/ca\/quiero\/","title":{"rendered":"&#8220;Quiero&#8221; poesia reunida de l&#8217;Alejandro Palomas 2012-2018"},"content":{"rendered":"<div class=\"row \"><div class=\"wpv-grid grid-1-1  wpv-first-level first unextended\" style=\"padding-top:0px;padding-bottom:0px\" id=\"wpv-column-58ab112428cf57c509506a3c86fb1fef\" ><p>[&#8230;]<\/p>\n<p><em><strong>\u2014\u00bfQu\u00e9 diferencia hay entre el Alejandro Palomas narrador y el poeta?<\/strong><\/em><\/p>\n<p><em>\u2014La gran diferencia entre el narrador y el poeta es que el primero es m\u00e1s visceral, est\u00e1 m\u00e1s implicado en lo que cuenta porque no filtra. El narrador vive y comparte lo que vive a la vez que lo experimenta, por eso llega as\u00ed, tan directo al plexo. El poeta, en cambio, es m\u00e1s paseante: se sienta a mirar, se da su tiempo para entender y explicarse la vida. Es como si el narrador se comiera el tiempo y el poeta se paseara sobre \u00e9l, mir\u00e1ndolo todo, mir\u00e1ndose mirar. Hay reflexi\u00f3n en el poeta, hay una voz que se escucha y se analiza. Esa es la diferencia.\u00a0[&#8230;]<\/em><\/p>\n<p>Entrevista, in\u00e8dita, a l&#8217;Alejandro Palomas sobre la propera publicaci\u00f3 de \u201cQuiero\u201d (Vandalia), la seva poesia reunida 2012-2018. A partir del 13 de setembre a les llibreries.<\/p>\n<p>La veu de qui escriu \u00e9s un dels grans temes que s&#8217;abordaran en el taller que impartir\u00e0 l&#8217;autor el cap de setmana del 26 al 28 d&#8217;octubre a Entelequia Cultura.<\/p>\n<p><img loading=\"lazy\" decoding=\"async\" class=\"alignnone wp-image-29037 size-full\" src=\"https:\/\/www.entelequiacultura.com\/wp-content\/uploads\/2018\/07\/palomas-articulo.jpg\" alt=\"\" width=\"900\" height=\"1600\" \/><\/div><\/div>\n","protected":false},"excerpt":{"rendered":"<p>[&#8230;] \u2014\u00bfQu\u00e9 diferencia hay entre el Alejandro Palomas narrador y el poeta? \u2014La gran diferencia entre el narrador y el poeta es que el primero es m\u00e1s visceral, est\u00e1 m\u00e1s&#8230;<\/p>\n","protected":false},"author":1,"featured_media":0,"comment_status":"open","ping_status":"open","sticky":false,"template":"","format":"standard","meta":{"_price":"","_stock":"","_tribe_ticket_header":"","_tribe_default_ticket_provider":"","_tribe_ticket_capacity":"0","_ticket_start_date":"","_ticket_end_date":"","_tribe_ticket_show_description":"","_tribe_ticket_show_not_going":false,"_tribe_ticket_use_global_stock":"","_tribe_ticket_global_stock_level":"","_global_stock_mode":"","_global_stock_cap":"","_tribe_rsvp_for_event":"","_tribe_ticket_going_count":"","_tribe_ticket_not_going_count":"","_tribe_tickets_list":"[]","_tribe_ticket_has_attendee_info_fields":false,"footnotes":""},"categories":[168],"tags":[],"class_list":["post-29042","post","type-post","status-publish","format-standard","hentry","category-sin-categoria"],"aioseo_notices":[],"_links":{"self":[{"href":"https:\/\/www.entelequiacultura.com\/ca\/wp-json\/wp\/v2\/posts\/29042","targetHints":{"allow":["GET"]}}],"collection":[{"href":"https:\/\/www.entelequiacultura.com\/ca\/wp-json\/wp\/v2\/posts"}],"about":[{"href":"https:\/\/www.entelequiacultura.com\/ca\/wp-json\/wp\/v2\/types\/post"}],"author":[{"embeddable":true,"href":"https:\/\/www.entelequiacultura.com\/ca\/wp-json\/wp\/v2\/users\/1"}],"replies":[{"embeddable":true,"href":"https:\/\/www.entelequiacultura.com\/ca\/wp-json\/wp\/v2\/comments?post=29042"}],"version-history":[{"count":0,"href":"https:\/\/www.entelequiacultura.com\/ca\/wp-json\/wp\/v2\/posts\/29042\/revisions"}],"wp:attachment":[{"href":"https:\/\/www.entelequiacultura.com\/ca\/wp-json\/wp\/v2\/media?parent=29042"}],"wp:term":[{"taxonomy":"category","embeddable":true,"href":"https:\/\/www.entelequiacultura.com\/ca\/wp-json\/wp\/v2\/categories?post=29042"},{"taxonomy":"post_tag","embeddable":true,"href":"https:\/\/www.entelequiacultura.com\/ca\/wp-json\/wp\/v2\/tags?post=29042"}],"curies":[{"name":"wp","href":"https:\/\/api.w.org\/{rel}","templated":true}]}}