{"id":29017,"date":"2018-07-31T14:48:54","date_gmt":"2018-07-31T12:48:54","guid":{"rendered":"https:\/\/www.entelequiacultura.com\/?p=29017"},"modified":"2019-07-03T08:56:00","modified_gmt":"2019-07-03T06:56:00","slug":"l-alegria-de-compartir","status":"publish","type":"post","link":"https:\/\/www.entelequiacultura.com\/ca\/l-alegria-de-compartir\/","title":{"rendered":"L&#8217;alegria de compartir"},"content":{"rendered":"<div class=\"row \"><div class=\"wpv-grid grid-1-1  wpv-first-level first unextended\" style=\"padding-top:0px;padding-bottom:0px\" id=\"wpv-column-17a974c5221bc80748ff01faa0318e84\" ><p>A la nostra <a href=\"https:\/\/www.entelequiacultura.com\/ca\/antologia\/\">publicaci\u00f3<\/a> del 21 de juny parl\u00e0vem sobre la lectura de\u00a0<em>-A Dona, llenguatge i poesia<\/em> (Stendhal Books), antologia que reuneix creacions d&#8217;algunes de les poetes de parla hispana indispensables dins el panorama nacional actual.<\/p>\n<p>Tamb\u00e9 anunci\u00e0vem, en la mateixa publicaci\u00f3, que procedir\u00edem a sortejar un exemplar entre totes les persones subscrites al nostre Butllet\u00ed Informatiu. Doncs b\u00e9, ahir, despr\u00e9s de realitzar un sorteig aleatori (sota la supervisi\u00f3 del lletrat Xavier Puig Ferrat\u00e9), ens vam posar en contacte amb la persona afortunada per sol\u00b7licitar-li una adre\u00e7a de correu postal on remetre&#8217;l immediatament.<\/p>\n<p>Avui ens arriba el seu &#8220;testimoni-somriure&#8221; des de Saragossa, que -amb el seu perm\u00eds- compartim amb tots vosaltres.<\/p>\n<p>\u00c9s una alegria immensa que estigui entre les mans i sota la mirada de Cristina Verbena, una apassionada i professional de la narraci\u00f3 oral, segons acabem de descobrir.<\/p>\n<p>Enhorabona, Cristina!<\/div><\/div>\n<div class=\"row \"><div class=\"wpv-grid grid-1-2  wpv-first-level first unextended\" style=\"padding-top:0px;padding-bottom:0px\" id=\"wpv-column-8083c53a54a16f8a52a939f538655279\" ><\/div>\n<div class=\"wpv-grid grid-1-2  wpv-first-level unextended\" style=\"padding-top:0px;padding-bottom:0px\" id=\"wpv-column-14463d740a24ccf39ed2de0796af2960\" ><\/div><\/div>\n","protected":false},"excerpt":{"rendered":"<p>A la nostra publicaci\u00f3 del 21 de juny parl\u00e0vem sobre la lectura de\u00a0-A Dona, llenguatge i poesia (Stendhal Books), antologia que reuneix creacions d&#8217;algunes de les poetes de parla hispana&#8230;<\/p>\n","protected":false},"author":1,"featured_media":29022,"comment_status":"open","ping_status":"open","sticky":false,"template":"","format":"standard","meta":{"_price":"","_stock":"","_tribe_ticket_header":"","_tribe_default_ticket_provider":"","_tribe_ticket_capacity":"0","_ticket_start_date":"","_ticket_end_date":"","_tribe_ticket_show_description":"","_tribe_ticket_show_not_going":false,"_tribe_ticket_use_global_stock":"","_tribe_ticket_global_stock_level":"","_global_stock_mode":"","_global_stock_cap":"","_tribe_rsvp_for_event":"","_tribe_ticket_going_count":"","_tribe_ticket_not_going_count":"","_tribe_tickets_list":"[]","_tribe_ticket_has_attendee_info_fields":false,"footnotes":""},"categories":[168],"tags":[],"class_list":["post-29017","post","type-post","status-publish","format-standard","has-post-thumbnail","hentry","category-sin-categoria"],"aioseo_notices":[],"_links":{"self":[{"href":"https:\/\/www.entelequiacultura.com\/ca\/wp-json\/wp\/v2\/posts\/29017","targetHints":{"allow":["GET"]}}],"collection":[{"href":"https:\/\/www.entelequiacultura.com\/ca\/wp-json\/wp\/v2\/posts"}],"about":[{"href":"https:\/\/www.entelequiacultura.com\/ca\/wp-json\/wp\/v2\/types\/post"}],"author":[{"embeddable":true,"href":"https:\/\/www.entelequiacultura.com\/ca\/wp-json\/wp\/v2\/users\/1"}],"replies":[{"embeddable":true,"href":"https:\/\/www.entelequiacultura.com\/ca\/wp-json\/wp\/v2\/comments?post=29017"}],"version-history":[{"count":0,"href":"https:\/\/www.entelequiacultura.com\/ca\/wp-json\/wp\/v2\/posts\/29017\/revisions"}],"wp:featuredmedia":[{"embeddable":true,"href":"https:\/\/www.entelequiacultura.com\/ca\/wp-json\/wp\/v2\/media\/29022"}],"wp:attachment":[{"href":"https:\/\/www.entelequiacultura.com\/ca\/wp-json\/wp\/v2\/media?parent=29017"}],"wp:term":[{"taxonomy":"category","embeddable":true,"href":"https:\/\/www.entelequiacultura.com\/ca\/wp-json\/wp\/v2\/categories?post=29017"},{"taxonomy":"post_tag","embeddable":true,"href":"https:\/\/www.entelequiacultura.com\/ca\/wp-json\/wp\/v2\/tags?post=29017"}],"curies":[{"name":"wp","href":"https:\/\/api.w.org\/{rel}","templated":true}]}}