{"id":28801,"date":"2018-07-05T12:01:02","date_gmt":"2018-07-05T10:01:02","guid":{"rendered":"https:\/\/www.entelequiacultura.com\/?p=28801"},"modified":"2019-07-03T08:56:27","modified_gmt":"2019-07-03T06:56:27","slug":"els-llibres-de-la-vida-manuel-vilas","status":"publish","type":"post","link":"https:\/\/www.entelequiacultura.com\/ca\/els-llibres-de-la-vida-manuel-vilas\/","title":{"rendered":"&#8220;Els llibres de la vida&#8221; Manuel Vilas"},"content":{"rendered":"<div class=\"row \"><div class=\"wpv-grid grid-1-1  wpv-first-level first unextended\" style=\"padding-top:0px;padding-bottom:0px\" id=\"wpv-column-d9986fa218814456fb837695093414ca\" ><p><em>Retir cultural amb Manuel Vilas<\/em><br \/>\n<em>Del 29 de juny a l&#8217;1 de juliol 2018<\/em><br \/>\n<em>Hotel Mas 1670 (Calonge, Girona)<\/em><\/p>\n<p>De la m\u00e0 d&#8217;en Manuel Vilas vam fer un succint recorregut per les diferents tradicions liter\u00e0ries, des de Cervantes fins als nostres dies, posant especial atenci\u00f3 en els temes universals que apareixen en totes elles, indistintament del g\u00e8nere en el qual s&#8217;hagin mostrat. Vam parlar dels nostres escriptors &#8220;guia&#8221; i de quant ens han influ\u00eft. Vam aprofundir en l&#8217;anomenada literatura autobiogr\u00e0fica, tan en auge actualment, el que ens va conduir a endinsar-nos en el nostre propi m\u00f3n interior. Aquests, entre molts altres temes fonamentals, ens vam ajudar a cr\u00e9ixer una mica m\u00e9s no nom\u00e9s com a lectors o creadors, tamb\u00e9 com a persones.<\/p>\n<p>L&#8217;\u00faltima part del <a href=\"https:\/\/www.entelequiacultura.com\/ca\/esdeveniment\/manuel-vilas-2\/\">taller<\/a> la vam dedicar a llegir i analitzar els escrits d&#8217;alguns participants. Sota la nostra mirada observadora van passejar elegies, odes, relats, pr\u00f2legs, prosa po\u00e8tica &#8230; belles creacions que van aconseguir fer brollar tot un crom\u00e0tic ventall d&#8217;emocions.<\/p>\n<p>No va ser casual que excel\u00b7lents i bell\u00edssimes persones procedents de variats punts geogr\u00e0fics del pa\u00eds ens reun\u00edssim el cap de setmana a Calonge. L&#8217;univers \u00e9s savi!<\/p>\n<p>En un moment del taller, Manuel Vilas -el nostre gran mestre- va dir &#8220;la vida \u00e9s m\u00e9s poderosa del que es pugui dir sobre ella, per aquest motiu de vegades resulta frustrant intentar explicar la seva grandesa&#8221;. Sento el mateix en intentar descriure la magnitud de tot l&#8217;apr\u00e8s i compartit durant aquest retir, per aix\u00f2 em limito a definir-ho amb una sola paraula: &#8220;inefable&#8221;.<\/div><\/div>\n<div class=\"row \"><div class=\"wpv-grid grid-1-2  wpv-first-level first unextended\" style=\"padding-top:0px;padding-bottom:0px\" id=\"wpv-column-9a4cc68beecd1e62a8ce93142ce12c51\" ><div class=\"row \"><div class=\"wpv-grid grid-1-1  first unextended\" style=\"padding-top:0px;padding-bottom:0px\" id=\"wpv-column-d2c12eecb8e37356fbe9ac7672d9a0cb\" ><p><img loading=\"lazy\" decoding=\"async\" class=\"alignnone wp-image-28778 size-full\" src=\"https:\/\/www.entelequiacultura.com\/wp-content\/uploads\/2018\/07\/comida.jpg\" alt=\"\" width=\"650\" height=\"488\" srcset=\"https:\/\/www.entelequiacultura.com\/wp-content\/uploads\/2018\/07\/comida.jpg 650w, https:\/\/www.entelequiacultura.com\/wp-content\/uploads\/2018\/07\/comida-300x225.jpg 300w, https:\/\/www.entelequiacultura.com\/wp-content\/uploads\/2018\/07\/comida-555x417.jpg 555w, https:\/\/www.entelequiacultura.com\/wp-content\/uploads\/2018\/07\/comida-360x270.jpg 360w, https:\/\/www.entelequiacultura.com\/wp-content\/uploads\/2018\/07\/comida-262x197.jpg 262w, https:\/\/www.entelequiacultura.com\/wp-content\/uploads\/2018\/07\/comida-600x450.jpg 600w\" sizes=\"(max-width: 650px) 100vw, 650px\" \/><\/div><\/div><\/div>\n<div class=\"wpv-grid grid-1-2  wpv-first-level unextended\" style=\"padding-top:0px;padding-bottom:0px\" id=\"wpv-column-af0df13f438e9d70551c438ecc68ba88\" ><div class=\"row \"><div class=\"wpv-grid grid-1-1  first unextended\" style=\"padding-top:0px;padding-bottom:0px\" id=\"wpv-column-d057ce37b1bec2c4c119715a59c42b77\" ><p><img loading=\"lazy\" decoding=\"async\" class=\"alignnone wp-image-28780 size-full\" src=\"https:\/\/www.entelequiacultura.com\/wp-content\/uploads\/2018\/07\/noche.jpg\" alt=\"\" width=\"650\" height=\"488\" srcset=\"https:\/\/www.entelequiacultura.com\/wp-content\/uploads\/2018\/07\/noche.jpg 650w, https:\/\/www.entelequiacultura.com\/wp-content\/uploads\/2018\/07\/noche-300x225.jpg 300w, https:\/\/www.entelequiacultura.com\/wp-content\/uploads\/2018\/07\/noche-555x417.jpg 555w, https:\/\/www.entelequiacultura.com\/wp-content\/uploads\/2018\/07\/noche-360x270.jpg 360w, https:\/\/www.entelequiacultura.com\/wp-content\/uploads\/2018\/07\/noche-262x197.jpg 262w, https:\/\/www.entelequiacultura.com\/wp-content\/uploads\/2018\/07\/noche-600x450.jpg 600w\" sizes=\"(max-width: 650px) 100vw, 650px\" \/><\/div><\/div><\/div><\/div>\n","protected":false},"excerpt":{"rendered":"<p>Retir cultural amb Manuel Vilas Del 29 de juny a l&#8217;1 de juliol 2018 Hotel Mas 1670 (Calonge, Girona) De la m\u00e0 d&#8217;en Manuel Vilas vam fer un succint recorregut&#8230;<\/p>\n","protected":false},"author":1,"featured_media":28775,"comment_status":"open","ping_status":"open","sticky":false,"template":"","format":"standard","meta":{"_price":"","_stock":"","_tribe_ticket_header":"","_tribe_default_ticket_provider":"","_tribe_ticket_capacity":"0","_ticket_start_date":"","_ticket_end_date":"","_tribe_ticket_show_description":"","_tribe_ticket_show_not_going":false,"_tribe_ticket_use_global_stock":"","_tribe_ticket_global_stock_level":"","_global_stock_mode":"","_global_stock_cap":"","_tribe_rsvp_for_event":"","_tribe_ticket_going_count":"","_tribe_ticket_not_going_count":"","_tribe_tickets_list":"[]","_tribe_ticket_has_attendee_info_fields":false,"footnotes":""},"categories":[168],"tags":[],"class_list":["post-28801","post","type-post","status-publish","format-standard","has-post-thumbnail","hentry","category-sin-categoria"],"aioseo_notices":[],"_links":{"self":[{"href":"https:\/\/www.entelequiacultura.com\/ca\/wp-json\/wp\/v2\/posts\/28801","targetHints":{"allow":["GET"]}}],"collection":[{"href":"https:\/\/www.entelequiacultura.com\/ca\/wp-json\/wp\/v2\/posts"}],"about":[{"href":"https:\/\/www.entelequiacultura.com\/ca\/wp-json\/wp\/v2\/types\/post"}],"author":[{"embeddable":true,"href":"https:\/\/www.entelequiacultura.com\/ca\/wp-json\/wp\/v2\/users\/1"}],"replies":[{"embeddable":true,"href":"https:\/\/www.entelequiacultura.com\/ca\/wp-json\/wp\/v2\/comments?post=28801"}],"version-history":[{"count":0,"href":"https:\/\/www.entelequiacultura.com\/ca\/wp-json\/wp\/v2\/posts\/28801\/revisions"}],"wp:featuredmedia":[{"embeddable":true,"href":"https:\/\/www.entelequiacultura.com\/ca\/wp-json\/wp\/v2\/media\/28775"}],"wp:attachment":[{"href":"https:\/\/www.entelequiacultura.com\/ca\/wp-json\/wp\/v2\/media?parent=28801"}],"wp:term":[{"taxonomy":"category","embeddable":true,"href":"https:\/\/www.entelequiacultura.com\/ca\/wp-json\/wp\/v2\/categories?post=28801"},{"taxonomy":"post_tag","embeddable":true,"href":"https:\/\/www.entelequiacultura.com\/ca\/wp-json\/wp\/v2\/tags?post=28801"}],"curies":[{"name":"wp","href":"https:\/\/api.w.org\/{rel}","templated":true}]}}