{"id":28713,"date":"2018-06-23T16:26:48","date_gmt":"2018-06-23T14:26:48","guid":{"rendered":"https:\/\/www.entelequiacultura.com\/?p=28713"},"modified":"2019-07-03T08:56:37","modified_gmt":"2019-07-03T06:56:37","slug":"antologia","status":"publish","type":"post","link":"https:\/\/www.entelequiacultura.com\/ca\/antologia\/","title":{"rendered":"-A Mujer, lenguaje y poes\u00eda"},"content":{"rendered":"<div class=\"row \"><div class=\"wpv-grid grid-1-1  wpv-first-level first unextended\" style=\"padding-top:0px;padding-bottom:0px\" id=\"wpv-column-c423d1dacb1016d8ba2dca343debbebc\" ><p>He tingut el plaer d&#8217;escoltar recitar versos a algunes de les enormes dones que apareixen a <em>-A, Dona, llenguatge i poesia<\/em>, una antologia que tal com afirmen els seus editors Stendhal Books &#8220;\u00e9s una reflexi\u00f3 sobre l&#8217;\u00fas del llenguatge, a trav\u00e9s d&#8217; la mirada d&#8217;algunes de les poetes de parla hispana indispensables dins el panorama nacional actual. Pret\u00e9n ser, no una antologia m\u00e9s sobre dones poetes, sin\u00f3 un acostament a la seva manera d&#8217;entendre i sovint experimentar amb el llenguatge, la forma i la paraula. &#8221;<\/p>\n<p>Res m\u00e9s gratificant que tornar als seus versos amb el latent record de les seves veus. La de la Laila L\u00f3pez Manrique la vaig escoltar per primera vegada una tarda d&#8217;abril del 2016 en els tradicionals recitals que Rac\u00f3 Po\u00e8tic l&#8217;Hospitalet, sota la batuta de Francisco Javier Sol\u00e9, organitza al Vell Piano. La for\u00e7a de la &#8220;raps\u00f2dia&#8221; d&#8217;Alicia Garc\u00eda N\u00fa\u00f1ez la vaig descobrir uns mesos m\u00e9s tard, seria pel mes de novembre, casualment tamb\u00e9 a l&#8217;Hospitalet, per\u00f2 en aquesta oportunitat al Jard\u00ed Museu d&#8217;aquesta localitat. La tornaria a gaudir, a la primavera del 2017, al Utopia Market de Poesia, tamb\u00e9 la de la Lola Nieto, la Miriam Reyes i la meva estimada Flavia Company, a qui ja coneixia personalment. Va ser llavors, aquesta primavera del 2017, quan despr\u00e9s d&#8217;escoltar-les vaig comprar el meu primer exemplar que conservo amb molta cura. Avui hem rebut un de nou que molt aviat sortejarem entre tots els que esteu subscrits a la nostra p\u00e0gina (estigueu atents).<\/p>\n<p>Per anar obrint boca transcrivim uns breus fragments que permeten intuir l&#8217;ess\u00e8ncia de les creacions d&#8217;aquestes poetes i les seves influ\u00e8ncies.<\/p>\n<p>Fragment de <em>La mujer c\u00edclica <\/em>de la Laia L\u00f3pez Manrique<\/p>\n<p>Se pregunta c\u00f3mo puede empezar a escribir ese texto, esa envoltura.<br \/>\nSabe que escribir ha sido a veces el modo de expulsar lo que en su cuerpo hace madeja y crece, resguardado, oculto como un tumor.<br \/>\nEl deseo se hace as\u00ed. Crepita as\u00ed, solt\u00e1ndose, hilo y reflejo, hilo y arrastre.<br \/>\n[\u2026]<\/p>\n<p>Fragment de <em>Decir poes\u00eda<\/em> de l&#8217;Alicia Garc\u00eda Mu\u00f1oz<\/p>\n<p><strong>Decir poes\u00eda<\/strong><br \/>\na boca llena de error.<br \/>\nEquivocarse [es decir poes\u00eda]<br \/>\npor convicci\u00f3n, amor al g\u00e9nero<br \/>\ny a las mujeres.<br \/>\n[\u2026]<\/p>\n<p>Fragment de <em>Haz lo que te digo<\/em> de la Miriam Reyes<\/p>\n<p>Te tengo todo marcado<br \/>\ncomo un yacimiento arqueol\u00f3gico.<br \/>\nNo es extraer los restos de ti lo que persigo<br \/>\n-ruinas de una ciudad tallada en la arenisca-<br \/>\nlo que quiero es penetrarte<br \/>\ntaladrar la piedra de tu cuerpo<br \/>\ny este sexo c\u00f3ncavo de mujer<br \/>\nse vuelve in\u00fatil para mi deseo.<br \/>\n[\u2026]<\/p>\n<p>Fragment de <em>Escribir<\/em> de la Lola Nieto<\/p>\n<p><strong>Escribir<\/strong><br \/>\ngruta gruta gruta gruta no el vac\u00edo<br \/>\nel espacio abierto para abrazar\u00a0\u00a0\u00a0\u00a0\u00a0 no<br \/>\nel vac\u00edo la nada la ausencia no<br \/>\nel espacio dispuesto para ocurrir\u00a0\u00a0\u00a0\u00a0\u00a0\u00a0\u00a0\u00a0\u00a0\u00a0\u00a0\u00a0\u00a0\u00a0\u00a0\u00a0\u00a0\u00a0\u00a0\u00a0 bash\u00f4 dec\u00eda que para<br \/>\nescribir o<br \/>\npintar el bamb\u00fa hab\u00eda sencillamente que ser un bamb\u00fa<br \/>\n[\u2026]<\/p>\n<p>Fragment de <em>Yo significo algo<\/em> de la Flavia Company<\/p>\n<p>La palabra no sabe<br \/>\nantes que yo comprenda;<br \/>\nni veo ya nada antes que ella<br \/>\nme encuentre. Es un pacto<br \/>\ncomo el establecido entre cuerpo<br \/>\ny aliento, entre camino<br \/>\ny paso, entre todo<br \/>\ny parte\u00a0[\u2026]<\/p>\n<p><em>Fotografia de l&#8217;\u00c1lvaro Garc\u00eda<\/em><\/div><\/div>\n","protected":false},"excerpt":{"rendered":"<p>He tingut el plaer d&#8217;escoltar recitar versos a algunes de les enormes dones que apareixen a -A, Dona, llenguatge i poesia, una antologia que tal com afirmen els seus editors&#8230;<\/p>\n","protected":false},"author":1,"featured_media":28679,"comment_status":"open","ping_status":"open","sticky":false,"template":"","format":"standard","meta":{"_price":"","_stock":"","_tribe_ticket_header":"","_tribe_default_ticket_provider":"","_tribe_ticket_capacity":"0","_ticket_start_date":"","_ticket_end_date":"","_tribe_ticket_show_description":"","_tribe_ticket_show_not_going":false,"_tribe_ticket_use_global_stock":"","_tribe_ticket_global_stock_level":"","_global_stock_mode":"","_global_stock_cap":"","_tribe_rsvp_for_event":"","_tribe_ticket_going_count":"","_tribe_ticket_not_going_count":"","_tribe_tickets_list":"[]","_tribe_ticket_has_attendee_info_fields":false,"footnotes":""},"categories":[168],"tags":[],"class_list":["post-28713","post","type-post","status-publish","format-standard","has-post-thumbnail","hentry","category-sin-categoria"],"aioseo_notices":[],"_links":{"self":[{"href":"https:\/\/www.entelequiacultura.com\/ca\/wp-json\/wp\/v2\/posts\/28713","targetHints":{"allow":["GET"]}}],"collection":[{"href":"https:\/\/www.entelequiacultura.com\/ca\/wp-json\/wp\/v2\/posts"}],"about":[{"href":"https:\/\/www.entelequiacultura.com\/ca\/wp-json\/wp\/v2\/types\/post"}],"author":[{"embeddable":true,"href":"https:\/\/www.entelequiacultura.com\/ca\/wp-json\/wp\/v2\/users\/1"}],"replies":[{"embeddable":true,"href":"https:\/\/www.entelequiacultura.com\/ca\/wp-json\/wp\/v2\/comments?post=28713"}],"version-history":[{"count":0,"href":"https:\/\/www.entelequiacultura.com\/ca\/wp-json\/wp\/v2\/posts\/28713\/revisions"}],"wp:featuredmedia":[{"embeddable":true,"href":"https:\/\/www.entelequiacultura.com\/ca\/wp-json\/wp\/v2\/media\/28679"}],"wp:attachment":[{"href":"https:\/\/www.entelequiacultura.com\/ca\/wp-json\/wp\/v2\/media?parent=28713"}],"wp:term":[{"taxonomy":"category","embeddable":true,"href":"https:\/\/www.entelequiacultura.com\/ca\/wp-json\/wp\/v2\/categories?post=28713"},{"taxonomy":"post_tag","embeddable":true,"href":"https:\/\/www.entelequiacultura.com\/ca\/wp-json\/wp\/v2\/tags?post=28713"}],"curies":[{"name":"wp","href":"https:\/\/api.w.org\/{rel}","templated":true}]}}