{"id":28276,"date":"2018-05-17T17:17:26","date_gmt":"2018-05-17T15:17:26","guid":{"rendered":"https:\/\/www.entelequiacultura.com\/?p=28276"},"modified":"2019-07-03T08:56:45","modified_gmt":"2019-07-03T06:56:45","slug":"chantal-maillard-en-entelequia-cultura-2","status":"publish","type":"post","link":"https:\/\/www.entelequiacultura.com\/ca\/chantal-maillard-en-entelequia-cultura-2\/","title":{"rendered":"Chantal Maillard a Entelequia Cultura"},"content":{"rendered":"<div class=\"row \"><div class=\"wpv-grid grid-1-1  wpv-first-level first unextended\" style=\"padding-top:0px;padding-bottom:0px\" id=\"wpv-column-e508f21a29d487ea7f0d638c6e4724bd\" ><p><em>Retir cultural amb Chantal Maillard<\/em><br \/>\n<em>De l&#8217;11 al 13 de maig 2018<\/em><br \/>\n<em>Mas Berenguer (Samal\u00fas, Montseny)<\/em><\/p>\n<p>Som amos del que pensem? I del que sentim? Hi ha alg\u00fa darrere de la tramoia? I si pogu\u00e9ssim assistir a la representaci\u00f3?<\/p>\n<p>Aquestes preguntes obrien el programa del <a href=\"https:\/\/www.entelequiacultura.com\/ca\/esdeveniment\/chantal-maillard-2\/\">taller<\/a> impartit per la Chantal Maillard durant l&#8217;entranyable retir del passat cap de setmana, el ress\u00f2 del qual seguir\u00e0 durant molt de temps en el nostre pit, i on l&#8217;autora, a trav\u00e9s de les seves teories i exercicis pr\u00e0ctics, ens va iniciar en la creaci\u00f3 d&#8217;una consci\u00e8ncia observadora capa\u00e7 de donar compte del nostre proc\u00e9s mental i de la formaci\u00f3 dels nostres estats an\u00edmics.<\/p>\n<p>Muriel Chazalon, qui va conduir una breu part del temari, tamb\u00e9 ens va fascinar mostrant-nos els <em>Fils<\/em> i <em>Fusos<\/em> en la pintura de la Fabienne Verdier i les conflu\u00e8ncies en la vida i obra d&#8217;ambdues artistes.<\/p>\n<p>La guinda, per tancar el taller, va ser el delit de tornar als versos de la Chantal mitjan\u00e7ant la seva pr\u00f2pia veu.<\/p>\n<p>L&#8217;aprenentatge i l&#8217;experi\u00e8ncia de conviure amb l&#8217;autora i amb un heterogeni grup de bell\u00edssimes persones, sense el qual la llum del que va passar durant tot el cap de setmana no hagu\u00e9s brillat amb la mateixa intensitat, ens deixa un dolc\u00edssim gust de boca que encara seguim paladejant.<\/div><\/div>\n<div class=\"row \"><div class=\"wpv-grid grid-1-2  wpv-first-level first unextended\" style=\"padding-top:0px;padding-bottom:0px\" id=\"wpv-column-b6181e674516fbfb7d6436085a08751c\" ><div class=\"row \"><div class=\"wpv-grid grid-1-1  first unextended\" style=\"padding-top:0px;padding-bottom:0px\" id=\"wpv-column-a92938283862aa4ef1c66ee34f61cd7f\" ><p><img loading=\"lazy\" decoding=\"async\" class=\"alignnone wp-image-28269 size-full\" src=\"https:\/\/www.entelequiacultura.com\/wp-content\/uploads\/2018\/05\/MG_0299-copia.jpg\" alt=\"\" width=\"1000\" height=\"1163\" srcset=\"https:\/\/www.entelequiacultura.com\/wp-content\/uploads\/2018\/05\/MG_0299-copia.jpg 1000w, https:\/\/www.entelequiacultura.com\/wp-content\/uploads\/2018\/05\/MG_0299-copia-258x300.jpg 258w, https:\/\/www.entelequiacultura.com\/wp-content\/uploads\/2018\/05\/MG_0299-copia-768x893.jpg 768w, https:\/\/www.entelequiacultura.com\/wp-content\/uploads\/2018\/05\/MG_0299-copia-880x1024.jpg 880w, https:\/\/www.entelequiacultura.com\/wp-content\/uploads\/2018\/05\/MG_0299-copia-555x645.jpg 555w, https:\/\/www.entelequiacultura.com\/wp-content\/uploads\/2018\/05\/MG_0299-copia-360x419.jpg 360w, https:\/\/www.entelequiacultura.com\/wp-content\/uploads\/2018\/05\/MG_0299-copia-262x305.jpg 262w, https:\/\/www.entelequiacultura.com\/wp-content\/uploads\/2018\/05\/MG_0299-copia-600x698.jpg 600w\" sizes=\"(max-width: 1000px) 100vw, 1000px\" \/><\/div><\/div><\/div>\n<div class=\"wpv-grid grid-1-2  wpv-first-level unextended\" style=\"padding-top:0px;padding-bottom:0px\" id=\"wpv-column-c941f6f37eff35bf4cbf35ff098c6c7e\" ><div class=\"row \"><div class=\"wpv-grid grid-1-1  first unextended\" style=\"padding-top:0px;padding-bottom:0px\" id=\"wpv-column-9b64b8e94de33d9026d6e0381569e9c6\" ><p><img loading=\"lazy\" decoding=\"async\" class=\"alignnone wp-image-28273 size-full\" src=\"https:\/\/www.entelequiacultura.com\/wp-content\/uploads\/2018\/05\/MG_0223-copia-1.jpg\" alt=\"\" width=\"1000\" height=\"1163\" srcset=\"https:\/\/www.entelequiacultura.com\/wp-content\/uploads\/2018\/05\/MG_0223-copia-1.jpg 1000w, https:\/\/www.entelequiacultura.com\/wp-content\/uploads\/2018\/05\/MG_0223-copia-1-258x300.jpg 258w, https:\/\/www.entelequiacultura.com\/wp-content\/uploads\/2018\/05\/MG_0223-copia-1-768x893.jpg 768w, https:\/\/www.entelequiacultura.com\/wp-content\/uploads\/2018\/05\/MG_0223-copia-1-880x1024.jpg 880w, https:\/\/www.entelequiacultura.com\/wp-content\/uploads\/2018\/05\/MG_0223-copia-1-555x645.jpg 555w, https:\/\/www.entelequiacultura.com\/wp-content\/uploads\/2018\/05\/MG_0223-copia-1-360x419.jpg 360w, https:\/\/www.entelequiacultura.com\/wp-content\/uploads\/2018\/05\/MG_0223-copia-1-262x305.jpg 262w, https:\/\/www.entelequiacultura.com\/wp-content\/uploads\/2018\/05\/MG_0223-copia-1-600x698.jpg 600w\" sizes=\"(max-width: 1000px) 100vw, 1000px\" \/><\/div><\/div><\/div><\/div>\n","protected":false},"excerpt":{"rendered":"<p>Retir cultural amb Chantal Maillard De l&#8217;11 al 13 de maig 2018 Mas Berenguer (Samal\u00fas, Montseny) Som amos del que pensem? I del que sentim? Hi ha alg\u00fa darrere de&#8230;<\/p>\n","protected":false},"author":1,"featured_media":28241,"comment_status":"open","ping_status":"open","sticky":false,"template":"","format":"standard","meta":{"_price":"","_stock":"","_tribe_ticket_header":"","_tribe_default_ticket_provider":"","_tribe_ticket_capacity":"0","_ticket_start_date":"","_ticket_end_date":"","_tribe_ticket_show_description":"","_tribe_ticket_show_not_going":false,"_tribe_ticket_use_global_stock":"","_tribe_ticket_global_stock_level":"","_global_stock_mode":"","_global_stock_cap":"","_tribe_rsvp_for_event":"","_tribe_ticket_going_count":"","_tribe_ticket_not_going_count":"","_tribe_tickets_list":"[]","_tribe_ticket_has_attendee_info_fields":false,"footnotes":""},"categories":[168],"tags":[],"class_list":["post-28276","post","type-post","status-publish","format-standard","has-post-thumbnail","hentry","category-sin-categoria"],"aioseo_notices":[],"_links":{"self":[{"href":"https:\/\/www.entelequiacultura.com\/ca\/wp-json\/wp\/v2\/posts\/28276","targetHints":{"allow":["GET"]}}],"collection":[{"href":"https:\/\/www.entelequiacultura.com\/ca\/wp-json\/wp\/v2\/posts"}],"about":[{"href":"https:\/\/www.entelequiacultura.com\/ca\/wp-json\/wp\/v2\/types\/post"}],"author":[{"embeddable":true,"href":"https:\/\/www.entelequiacultura.com\/ca\/wp-json\/wp\/v2\/users\/1"}],"replies":[{"embeddable":true,"href":"https:\/\/www.entelequiacultura.com\/ca\/wp-json\/wp\/v2\/comments?post=28276"}],"version-history":[{"count":0,"href":"https:\/\/www.entelequiacultura.com\/ca\/wp-json\/wp\/v2\/posts\/28276\/revisions"}],"wp:featuredmedia":[{"embeddable":true,"href":"https:\/\/www.entelequiacultura.com\/ca\/wp-json\/wp\/v2\/media\/28241"}],"wp:attachment":[{"href":"https:\/\/www.entelequiacultura.com\/ca\/wp-json\/wp\/v2\/media?parent=28276"}],"wp:term":[{"taxonomy":"category","embeddable":true,"href":"https:\/\/www.entelequiacultura.com\/ca\/wp-json\/wp\/v2\/categories?post=28276"},{"taxonomy":"post_tag","embeddable":true,"href":"https:\/\/www.entelequiacultura.com\/ca\/wp-json\/wp\/v2\/tags?post=28276"}],"curies":[{"name":"wp","href":"https:\/\/api.w.org\/{rel}","templated":true}]}}