{"id":28065,"date":"2018-04-16T08:36:51","date_gmt":"2018-04-16T06:36:51","guid":{"rendered":"https:\/\/www.entelequiacultura.com\/?p=28065"},"modified":"2019-07-03T08:56:55","modified_gmt":"2019-07-03T06:56:55","slug":"llibre-javier-morales","status":"publish","type":"post","link":"https:\/\/www.entelequiacultura.com\/ca\/llibre-javier-morales\/","title":{"rendered":"&#8220;A prop\u00f2sit del nou llibre d&#8217;en Javier Morales&#8221; o &#8220;Cr\u00f2nica d&#8217;una nit d&#8217;abril&#8221;"},"content":{"rendered":"<div class=\"row \"><div class=\"wpv-grid grid-1-1  wpv-first-level first unextended\" style=\"padding-top:0px;padding-bottom:0px\" id=\"wpv-column-727f177645d371cfcfa48959e582638a\" ><\/div><\/div>\n<div class=\"row \"><div class=\"wpv-grid grid-1-1  wpv-first-level first unextended\" style=\"padding-top:0px;padding-bottom:0px\" id=\"wpv-column-a87577263fc75a86d52a0719cd8bc737\" ><p>El poeta i fil\u00f2sof nord-americ\u00e0 Ralph Waldo Emerson en un dels seus escrits assenyalava &#8220;en moltes ocasions la lectura d&#8217;un llibre ha fet la fortuna d&#8217;un home, decidint el curs de la seva vida.&#8221; Cap a aquest mateix lloc apunta l&#8217;escriptor i periodista Javier Morales quan confessa, a <em>El d\u00eda que dej\u00e9 de comer animales<\/em> (Silex Edicions), que va ser la lectura del llibre de Jonnathan Safran Foer el que el va dur a convertir-se en vegetari\u00e0: \u00abUn bon llibre , llegit en el moment oport\u00fa, no nom\u00e9s pot arribar a transformar-nos, com demanava Borges, sin\u00f3 que pot canviar una vida, humana o no, fins i tot salvar-la. La lectura de <em>Comer Animales<\/em> va canviar la meva \u00bb.<\/p>\n<p>Potser \u00e9s per aquesta ra\u00f3 que l&#8217;autor vehicula el seu assaig animalista sense deixar anar mai de la m\u00e0 la literatura, circumst\u00e0ncia que redunda en la seva amena i \u00e0gil lectura.<\/p>\n<p>Xavier, amb una veu sincera, opta pel relat autobiogr\u00e0fic per, a trav\u00e9s de la narraci\u00f3 de les seves experi\u00e8ncies, no nom\u00e9s desc\u00f3rrer les cortines que oculten el patiment de molts animals i el que el seu consum comporta (tema principal del llibre), tamb\u00e9 per posar de manifest la import\u00e0ncia de llegir. Totes dues coses caminen juntes. \u00c9s per aix\u00f2 que, en el seu assaig, trobarem m\u00faltiples cites d&#8217;autors, fins i tot un poema complet d&#8217;Antonio Gamoneda. Tamb\u00e9 ens explicar\u00e0 les seves indagacions liter\u00e0ries juvenils i algunes an\u00e8cdotes relacionades amb elles, per exemple la de les seves primeres trobades amb l&#8217;escriptor extremeny Gonzalo Hidalgo Bayal \u2014aprofito per recomanar la seva obra, com va fer Javier amb mi\u2014, que, segons ens explica, li va mostrar el llibre de Sartre, <em>Les paraules<\/em>, compost per dos \u00fanics cap\u00edtols, &#8220;Llegir&#8221; i &#8220;Escriure&#8221;, dels quals, m&#8217;atreveixo a pensar, pren el nom el seu bloc.<\/p>\n<p>D&#8217;aquesta manera l&#8217;autor vincula la seva formaci\u00f3 lectora amb l&#8217;obertura d&#8217;una consci\u00e8ncia observadora i cr\u00edtica, i amb ella la seva elecci\u00f3 d&#8217;optar per una dieta vegetariana. Sense dogmes, intenta posar-nos davant d&#8217;un mirall en el qual poder reflectir-nos perqu\u00e8, nom\u00e9s si ho considerem convenient, ens plantegem certes q\u00fcestions.<\/p>\n<p>Per\u00f2 no nom\u00e9s ens mostra la seva mirada. A trav\u00e9s de les seves investigacions i de les m\u00faltiples entrevistes que va realitzar, entre d&#8217;altres, als fil\u00f2sofs Jorge Riechmann i \u00d3scar Horta o als activistes Javier Moreno i Ruth Toledado \u2014fundadora d&#8217;<em>El Cavall de Nietzsche<\/em>\u2014, Javier comparteix amb nosaltres la d&#8217;altres persones compromeses activament amb la defensa dels animals. Aix\u00ed, treu a l&#8217;escenari una veritat per a molts desconeguda. Unes vegades perqu\u00e8 se&#8217;ns oculta i altres perqu\u00e8 optem per tancar els ulls. I no ho fa perqu\u00e8 ens convertim en vegetarians, sin\u00f3 per ajudar-nos a prendre consci\u00e8ncia tant del maltractament a qu\u00e8 s\u00f3n sotmesos els animals que inerts arriben a les nostres taules com de l&#8217;impacte (danys col\u00b7laterals) que la ramaderia industrial produeix en el medi ambient i, \u00f2bviament, en la nostra salut.<\/p>\n<p>Sobre aquests danys, en gran mesura, es va aprofundir la nit del passat divendres 13 d&#8217;abril durant la amena i interessant xerrada que l&#8217;autor va mantenir amb l&#8217;activista Leonardo Anselmi i amb el periodista ambiental Antonio Cerrillo a la llibreria La Can\u00edbal, amb motiu de la presentaci\u00f3 del seu llibre a Barcelona.<\/p>\n<p>Potser l&#8217;objectiu de Javier Morales en decidir escriure aquest llibre no fos tan ambici\u00f3s com s&#8217;assenyala a la cita d&#8217;Emerson, per\u00f2 la veritat \u00e9s que la seva lectura no deixar\u00e0 a ning\u00fa indiferent. Com ell mateix apunta, ser\u00e0 cada lector qui tri\u00ef qu\u00e8 vol mirar, qu\u00e8 vol veure.<\/div><\/div>\n","protected":false},"excerpt":{"rendered":"<p>El poeta i fil\u00f2sof nord-americ\u00e0 Ralph Waldo Emerson en un dels seus escrits assenyalava &#8220;en moltes ocasions la lectura d&#8217;un llibre ha fet la fortuna d&#8217;un home, decidint el curs&#8230;<\/p>\n","protected":false},"author":1,"featured_media":28062,"comment_status":"open","ping_status":"open","sticky":false,"template":"","format":"standard","meta":{"_price":"","_stock":"","_tribe_ticket_header":"","_tribe_default_ticket_provider":"","_tribe_ticket_capacity":"0","_ticket_start_date":"","_ticket_end_date":"","_tribe_ticket_show_description":"","_tribe_ticket_show_not_going":false,"_tribe_ticket_use_global_stock":"","_tribe_ticket_global_stock_level":"","_global_stock_mode":"","_global_stock_cap":"","_tribe_rsvp_for_event":"","_tribe_ticket_going_count":"","_tribe_ticket_not_going_count":"","_tribe_tickets_list":"[]","_tribe_ticket_has_attendee_info_fields":false,"footnotes":""},"categories":[168],"tags":[],"class_list":["post-28065","post","type-post","status-publish","format-standard","has-post-thumbnail","hentry","category-sin-categoria"],"aioseo_notices":[],"_links":{"self":[{"href":"https:\/\/www.entelequiacultura.com\/ca\/wp-json\/wp\/v2\/posts\/28065","targetHints":{"allow":["GET"]}}],"collection":[{"href":"https:\/\/www.entelequiacultura.com\/ca\/wp-json\/wp\/v2\/posts"}],"about":[{"href":"https:\/\/www.entelequiacultura.com\/ca\/wp-json\/wp\/v2\/types\/post"}],"author":[{"embeddable":true,"href":"https:\/\/www.entelequiacultura.com\/ca\/wp-json\/wp\/v2\/users\/1"}],"replies":[{"embeddable":true,"href":"https:\/\/www.entelequiacultura.com\/ca\/wp-json\/wp\/v2\/comments?post=28065"}],"version-history":[{"count":0,"href":"https:\/\/www.entelequiacultura.com\/ca\/wp-json\/wp\/v2\/posts\/28065\/revisions"}],"wp:featuredmedia":[{"embeddable":true,"href":"https:\/\/www.entelequiacultura.com\/ca\/wp-json\/wp\/v2\/media\/28062"}],"wp:attachment":[{"href":"https:\/\/www.entelequiacultura.com\/ca\/wp-json\/wp\/v2\/media?parent=28065"}],"wp:term":[{"taxonomy":"category","embeddable":true,"href":"https:\/\/www.entelequiacultura.com\/ca\/wp-json\/wp\/v2\/categories?post=28065"},{"taxonomy":"post_tag","embeddable":true,"href":"https:\/\/www.entelequiacultura.com\/ca\/wp-json\/wp\/v2\/tags?post=28065"}],"curies":[{"name":"wp","href":"https:\/\/api.w.org\/{rel}","templated":true}]}}