{"id":27960,"date":"2018-04-08T09:45:03","date_gmt":"2018-04-08T07:45:03","guid":{"rendered":"https:\/\/www.entelequiacultura.com\/?p=27960"},"modified":"2019-07-03T08:57:03","modified_gmt":"2019-07-03T06:57:03","slug":"la-nostra-activitat-2","status":"publish","type":"post","link":"https:\/\/www.entelequiacultura.com\/ca\/la-nostra-activitat-2\/","title":{"rendered":"&#8220;El d\u00eda que dej\u00e9 de comer animales&#8221;"},"content":{"rendered":"<div class=\"row \"><div class=\"wpv-grid grid-1-1  wpv-first-level first unextended\" style=\"padding-top:0px;padding-bottom:0px\" id=\"wpv-column-bc4ef68bb2278ea96aae6c22c1aac570\" ><\/div><\/div>\n<div class=\"row \"><div class=\"wpv-grid grid-1-1  wpv-first-level first unextended\" style=\"padding-top:0px;padding-bottom:0px\" id=\"wpv-column-7203b0f593adebad99369ebc87379a57\" ><p>Tenim el plaer de convidar-te a la presentaci\u00f3 del llibre &#8220;El d\u00eda que dej\u00e9 de comer animales&#8221; de l&#8217;escriptor i periodista Javier Morales, publicat per S\u00edlex Ediciones, que tindr\u00e0 lloc el proper divendres, 13 d&#8217;abril, a la llibreria La Can\u00edbal de Barcelona.<\/p>\n<p>L&#8217;autor conversar\u00e0 amb l&#8217;activista Leonardo Anselmi i el periodista ambiental Antonio Cerrillo.<\/p>\n<p>Despr\u00e9s de la presentaci\u00f3, per gentilesa de Entelequia Cultura, se serviran uns vins i tapes vegetarianes.<\/p>\n<p>Una excel\u00b7lent oportunitat per compartir xerrada, llibres i vi!<\/p>\n<p>Us hi esperem!<\/div><\/div>\n","protected":false},"excerpt":{"rendered":"<p>Tenim el plaer de convidar-te a la presentaci\u00f3 del llibre &#8220;El d\u00eda que dej\u00e9 de comer animales&#8221; de l&#8217;escriptor i periodista Javier Morales, publicat per S\u00edlex Ediciones, que tindr\u00e0 lloc&#8230;<\/p>\n","protected":false},"author":1,"featured_media":0,"comment_status":"open","ping_status":"open","sticky":false,"template":"","format":"standard","meta":{"_price":"","_stock":"","_tribe_ticket_header":"","_tribe_default_ticket_provider":"","_tribe_ticket_capacity":"0","_ticket_start_date":"","_ticket_end_date":"","_tribe_ticket_show_description":"","_tribe_ticket_show_not_going":false,"_tribe_ticket_use_global_stock":"","_tribe_ticket_global_stock_level":"","_global_stock_mode":"","_global_stock_cap":"","_tribe_rsvp_for_event":"","_tribe_ticket_going_count":"","_tribe_ticket_not_going_count":"","_tribe_tickets_list":"[]","_tribe_ticket_has_attendee_info_fields":false,"footnotes":""},"categories":[168],"tags":[],"class_list":["post-27960","post","type-post","status-publish","format-standard","hentry","category-sin-categoria"],"aioseo_notices":[],"_links":{"self":[{"href":"https:\/\/www.entelequiacultura.com\/ca\/wp-json\/wp\/v2\/posts\/27960","targetHints":{"allow":["GET"]}}],"collection":[{"href":"https:\/\/www.entelequiacultura.com\/ca\/wp-json\/wp\/v2\/posts"}],"about":[{"href":"https:\/\/www.entelequiacultura.com\/ca\/wp-json\/wp\/v2\/types\/post"}],"author":[{"embeddable":true,"href":"https:\/\/www.entelequiacultura.com\/ca\/wp-json\/wp\/v2\/users\/1"}],"replies":[{"embeddable":true,"href":"https:\/\/www.entelequiacultura.com\/ca\/wp-json\/wp\/v2\/comments?post=27960"}],"version-history":[{"count":0,"href":"https:\/\/www.entelequiacultura.com\/ca\/wp-json\/wp\/v2\/posts\/27960\/revisions"}],"wp:attachment":[{"href":"https:\/\/www.entelequiacultura.com\/ca\/wp-json\/wp\/v2\/media?parent=27960"}],"wp:term":[{"taxonomy":"category","embeddable":true,"href":"https:\/\/www.entelequiacultura.com\/ca\/wp-json\/wp\/v2\/categories?post=27960"},{"taxonomy":"post_tag","embeddable":true,"href":"https:\/\/www.entelequiacultura.com\/ca\/wp-json\/wp\/v2\/tags?post=27960"}],"curies":[{"name":"wp","href":"https:\/\/api.w.org\/{rel}","templated":true}]}}