{"id":27269,"date":"2018-01-31T19:20:19","date_gmt":"2018-01-31T18:20:19","guid":{"rendered":"https:\/\/www.entelequiacultura.com\/?p=27269"},"modified":"2019-07-03T08:57:12","modified_gmt":"2019-07-03T06:57:12","slug":"la-nostra-activitat","status":"publish","type":"post","link":"https:\/\/www.entelequiacultura.com\/ca\/la-nostra-activitat\/","title":{"rendered":"La nostra activitat"},"content":{"rendered":"<div class=\"row \"><div class=\"wpv-grid grid-1-1  wpv-first-level first unextended\" style=\"padding-top:0px;padding-bottom:0px\" id=\"wpv-column-91d6ea6105f46c843e2a9ec9229565e5\" ><\/div><\/div>\n<div class=\"row \"><div class=\"wpv-grid grid-1-1  wpv-first-level first unextended\" style=\"padding-top:0px;padding-bottom:0px\" id=\"wpv-column-87327de1c238ed1cd50e1bdd3c7c2ade\" ><p>La nostra activitat es centra en la organitzaci\u00f3 d\u2019estades culturals per a grups redu\u00efts, on els assistents a m\u00e9s de participar en un seminari o taller impartit per figures rellevants en la seva especialitat conviuen amb elles, i tamb\u00e9 amb altres persones amb interessos afins, durant un cap de setmana en un bonic hotel rural que varia en funci\u00f3 de les circumst\u00e0ncies i la disciplina a tractar.<\/p>\n<p>El format habitual dels seminaris i tallers \u00e9s de dotze hores de durada, distribu\u00efdes en diverses sessions. Alguna pr\u00e0ctica, depenent de la disciplina, es realitza a l\u2019exterior. En altres casos, el programa tamb\u00e9 pot contemplar una visita d\u2019inter\u00e8s cultural d\u2019acord al tema que s\u2019abordi.<\/p>\n<p>Coneixement, desconnexi\u00f3, bellesa paisatg\u00edstica, confort, bo menjar, entre altres imponderables, converteixen les nostres estades en un esdeveniment inoblidable.<\/p>\n<p>L&#8217;\u00fanic requisit per assitir-hi \u00e9s sentir la il\u00b7lusi\u00f3 de fer-ho. Nosaltres ens encarreguem de la resta!<\/div><\/div>\n","protected":false},"excerpt":{"rendered":"<p>La nostra activitat es centra en la organitzaci\u00f3 d\u2019estades culturals per a grups redu\u00efts, on els assistents a m\u00e9s de participar en un seminari o taller impartit per figures rellevants&#8230;<\/p>\n","protected":false},"author":1,"featured_media":27267,"comment_status":"open","ping_status":"open","sticky":false,"template":"","format":"standard","meta":{"_price":"","_stock":"","_tribe_ticket_header":"","_tribe_default_ticket_provider":"","_tribe_ticket_capacity":"0","_ticket_start_date":"","_ticket_end_date":"","_tribe_ticket_show_description":"","_tribe_ticket_show_not_going":false,"_tribe_ticket_use_global_stock":"","_tribe_ticket_global_stock_level":"","_global_stock_mode":"","_global_stock_cap":"","_tribe_rsvp_for_event":"","_tribe_ticket_going_count":"","_tribe_ticket_not_going_count":"","_tribe_tickets_list":"[]","_tribe_ticket_has_attendee_info_fields":false,"footnotes":""},"categories":[168],"tags":[],"class_list":["post-27269","post","type-post","status-publish","format-standard","has-post-thumbnail","hentry","category-sin-categoria"],"aioseo_notices":[],"_links":{"self":[{"href":"https:\/\/www.entelequiacultura.com\/ca\/wp-json\/wp\/v2\/posts\/27269","targetHints":{"allow":["GET"]}}],"collection":[{"href":"https:\/\/www.entelequiacultura.com\/ca\/wp-json\/wp\/v2\/posts"}],"about":[{"href":"https:\/\/www.entelequiacultura.com\/ca\/wp-json\/wp\/v2\/types\/post"}],"author":[{"embeddable":true,"href":"https:\/\/www.entelequiacultura.com\/ca\/wp-json\/wp\/v2\/users\/1"}],"replies":[{"embeddable":true,"href":"https:\/\/www.entelequiacultura.com\/ca\/wp-json\/wp\/v2\/comments?post=27269"}],"version-history":[{"count":0,"href":"https:\/\/www.entelequiacultura.com\/ca\/wp-json\/wp\/v2\/posts\/27269\/revisions"}],"wp:featuredmedia":[{"embeddable":true,"href":"https:\/\/www.entelequiacultura.com\/ca\/wp-json\/wp\/v2\/media\/27267"}],"wp:attachment":[{"href":"https:\/\/www.entelequiacultura.com\/ca\/wp-json\/wp\/v2\/media?parent=27269"}],"wp:term":[{"taxonomy":"category","embeddable":true,"href":"https:\/\/www.entelequiacultura.com\/ca\/wp-json\/wp\/v2\/categories?post=27269"},{"taxonomy":"post_tag","embeddable":true,"href":"https:\/\/www.entelequiacultura.com\/ca\/wp-json\/wp\/v2\/tags?post=27269"}],"curies":[{"name":"wp","href":"https:\/\/api.w.org\/{rel}","templated":true}]}}