{"id":27260,"date":"2018-01-28T18:40:45","date_gmt":"2018-01-28T17:40:45","guid":{"rendered":"https:\/\/www.entelequiacultura.com\/?p=27260"},"modified":"2019-07-03T08:57:19","modified_gmt":"2019-07-03T06:57:19","slug":"etimologia-de-entelequia","status":"publish","type":"post","link":"https:\/\/www.entelequiacultura.com\/ca\/etimologia-de-entelequia\/","title":{"rendered":"Etimologia de \u201cent\u00e8lequia\u201d"},"content":{"rendered":"<div class=\"row \"><div class=\"wpv-grid grid-1-1  wpv-first-level first unextended\" style=\"padding-top:0px;padding-bottom:0px\" id=\"wpv-column-592cdc664049cfc04b6762097ca05f2e\" ><\/div><\/div>\n<div class=\"row \"><div class=\"wpv-grid grid-1-1  wpv-first-level first unextended\" style=\"padding-top:0px;padding-bottom:0px\" id=\"wpv-column-5c6df8527bfd567e3924111813aecc94\" ><p>El terme filos\u00f2fic &#8220;entel\u00e8quia&#8221;, del grec \u03b5\u03bd\u03c4\u03b5\u03bb\u03ad\u03c7\u03b5\u03b9\u03b1, fa refer\u00e8ncia a un treball actiu cap a la consecuci\u00f3 d&#8217;un fi, immanent a la pr\u00f2pia cosa. Es podria traduir com &#8216;tenir el fi en si mateix&#8217;.<\/p>\n<p>Arist\u00f2til, pare del terme, l&#8217;utilitzava per designar dues entitats en una. D&#8217;una banda, la realitzaci\u00f3 plena de les potencialitats d&#8217;un \u00e9sser i, d&#8217;altra, l&#8217;energia que fa possible la seva consumaci\u00f3. De manera que un cirerer seria l&#8217;entel\u00e8quia de la llavor que, per si mateixa, tendir\u00e0 a convertir-se en el preuat arbre.<\/p>\n<p>Es tracta, doncs, de l&#8217;\u00e0nima que habita en totes les coses.<\/p>\n<p>La NOSTRA entel\u00e8quia \u00e9s construir un espai on la cultura tendeixi al seu fi natural, que \u00e9s ajudar-nos a estar en sintonia amb el m\u00f3n que ens envolta, per\u00f2, sobretot, a comprendre el nostre m\u00f3n interior i poder representar-lo a trav\u00e9s del pensament, la literatura o l&#8217;art, en qualsevol de les seves m\u00faltiples formes.<\/p>\n<p>La nostre entel\u00e8quia \u00e9s ajudar-te a que floreixi la teva!<\/div><\/div>\n","protected":false},"excerpt":{"rendered":"<p>El terme filos\u00f2fic &#8220;entel\u00e8quia&#8221;, del grec \u03b5\u03bd\u03c4\u03b5\u03bb\u03ad\u03c7\u03b5\u03b9\u03b1, fa refer\u00e8ncia a un treball actiu cap a la consecuci\u00f3 d&#8217;un fi, immanent a la pr\u00f2pia cosa. Es podria traduir com &#8216;tenir el&#8230;<\/p>\n","protected":false},"author":1,"featured_media":27262,"comment_status":"closed","ping_status":"open","sticky":false,"template":"","format":"standard","meta":{"_price":"","_stock":"","_tribe_ticket_header":"","_tribe_default_ticket_provider":"","_tribe_ticket_capacity":"0","_ticket_start_date":"","_ticket_end_date":"","_tribe_ticket_show_description":"","_tribe_ticket_show_not_going":false,"_tribe_ticket_use_global_stock":"","_tribe_ticket_global_stock_level":"","_global_stock_mode":"","_global_stock_cap":"","_tribe_rsvp_for_event":"","_tribe_ticket_going_count":"","_tribe_ticket_not_going_count":"","_tribe_tickets_list":"[]","_tribe_ticket_has_attendee_info_fields":false,"footnotes":""},"categories":[168],"tags":[],"class_list":["post-27260","post","type-post","status-publish","format-standard","has-post-thumbnail","hentry","category-sin-categoria"],"aioseo_notices":[],"_links":{"self":[{"href":"https:\/\/www.entelequiacultura.com\/ca\/wp-json\/wp\/v2\/posts\/27260","targetHints":{"allow":["GET"]}}],"collection":[{"href":"https:\/\/www.entelequiacultura.com\/ca\/wp-json\/wp\/v2\/posts"}],"about":[{"href":"https:\/\/www.entelequiacultura.com\/ca\/wp-json\/wp\/v2\/types\/post"}],"author":[{"embeddable":true,"href":"https:\/\/www.entelequiacultura.com\/ca\/wp-json\/wp\/v2\/users\/1"}],"replies":[{"embeddable":true,"href":"https:\/\/www.entelequiacultura.com\/ca\/wp-json\/wp\/v2\/comments?post=27260"}],"version-history":[{"count":0,"href":"https:\/\/www.entelequiacultura.com\/ca\/wp-json\/wp\/v2\/posts\/27260\/revisions"}],"wp:featuredmedia":[{"embeddable":true,"href":"https:\/\/www.entelequiacultura.com\/ca\/wp-json\/wp\/v2\/media\/27262"}],"wp:attachment":[{"href":"https:\/\/www.entelequiacultura.com\/ca\/wp-json\/wp\/v2\/media?parent=27260"}],"wp:term":[{"taxonomy":"category","embeddable":true,"href":"https:\/\/www.entelequiacultura.com\/ca\/wp-json\/wp\/v2\/categories?post=27260"},{"taxonomy":"post_tag","embeddable":true,"href":"https:\/\/www.entelequiacultura.com\/ca\/wp-json\/wp\/v2\/tags?post=27260"}],"curies":[{"name":"wp","href":"https:\/\/api.w.org\/{rel}","templated":true}]}}