{"id":44272,"global_id":"www.entelequiacultura.com\/ca\/?id=44272","global_id_lineage":["www.entelequiacultura.com\/ca\/?id=44272"],"author":"1","status":"publish","date":"2026-01-22 18:03:16","date_utc":"2026-01-22 17:03:16","modified":"2026-04-26 07:46:51","modified_utc":"2026-04-26 05:46:51","url":"https:\/\/www.entelequiacultura.com\/ca\/esdeveniment\/gunther-anders-2026\/","rest_url":"https:\/\/www.entelequiacultura.com\/ca\/wp-json\/tribe\/events\/v1\/events\/44272","title":"G\u00dcNTHER ANDERS: FILOSOFIA D&#8217;OCASI\u00d3 (Stefania Fantauzzi)","description":"<div class=\"row \"><div class=\"wpv-grid grid-2-3  wpv-first-level first unextended\" style=\"padding-top:0px;padding-bottom:0px\" id=\"wpv-column-6a8817b95b66f8185766e7a7138b2b98\" ><div class=\"row \"><div class=\"wpv-grid grid-1-1  first unextended\" style=\"padding-top:0px;padding-bottom:0px\" id=\"wpv-column-b6cf7943647869bd7daa284250eddd7a\" ><h2><strong>Descripci\u00f3:<\/strong><\/h2>\n<p class=\"p1\">I si l\u2019home ja no control\u00e9s el que crea? G\u00fcnther Anders (1902-1992), fil\u00f2sof i activista, es definia com un <b>conservador ontol\u00f2gic<\/b>: preserva el m\u00f3n per poder intervenir-hi amb responsabilitat. Amb la seva <b>filosofia d\u2019ocasi\u00f3<\/b>, reflexiona sobre els efectes humans i \u00e8tics de la tecnologia, alertant sobre la <b>nova condici\u00f3 humana<\/b> en l\u2019era at\u00f2mica. Critica la utopia del progr\u00e9s i l\u2019 &#8220;homo faber\u201d, mentre defensa la mem\u00f2ria, l\u2019acci\u00f3 conscient i la responsabilitat com a escuts davant la destrucci\u00f3.<\/p>\n<p class=\"p1\">Els seus testimonis, especialment a Hiroshima, mostren com la reflexi\u00f3 pot transformar la por en acci\u00f3. La seva obra combina alerta moral, cr\u00edtica social i comprom\u00eds actiu.<\/p>\n<p class=\"p1\">Anders ens interpel\u00b7la: serem capa\u00e7os d\u2019assumir el nostre futur abans que sigui massa tard?<\/p>\n<p>Llibres recomanats (no \u00e9s imprescindible la seva lectura per assistir al taller):<\/p>\n<p style=\"font-weight: 400;\">G\u00fcnther Anders, L<em>\u2019home dalt del pont<\/em>, Club Editor, 2023<\/p>\n<p style=\"font-weight: 400;\">Gunther Anders, <em>La amenaza at\u00f3mica<\/em>, Pre-Textos, 2025<\/p>\n<p style=\"font-weight: 400;\">Gunther Anders, <em>La obsolescencia del hombre<\/em>, Pre-Textos, 2011 (vol. 1 i 2)<\/div><\/div>\n<div class=\"row \"><div class=\"wpv-grid grid-1-1  first unextended\" style=\"padding-top:0px;padding-bottom:0px\" id=\"wpv-column-54c4c6bec6a33bc8736030cd0c08395c\" ><div class=\"row \"><div class=\"wpv-grid grid-1-1  first unextended\" style=\"padding-top:0px;padding-bottom:0px\" id=\"wpv-column-8e5519336dfdcdbb1dbc4285b6376ee7\" ><h2>La professora:<\/h2><\/div><\/div>\n<div class=\"row \"><div class=\"wpv-grid grid-1-3  first unextended\" style=\"padding-top:0px;padding-bottom:0px\" id=\"wpv-column-795231a8afc5f7f9eea8c44a2c453700\" ><div class=\"row \"><div class=\"wpv-grid grid-1-1  first unextended\" style=\"padding-top:0px;padding-bottom:0px\" id=\"wpv-column-3513b9086dc488269b77a707bd24aada\" ><p><img loading=\"lazy\" decoding=\"async\" class=\"alignnone wp-image-41793 size-full\" src=\"https:\/\/www.entelequiacultura.com\/wp-content\/uploads\/2024\/10\/foto-650.jpg\" alt=\"\" width=\"650\" height=\"651\" srcset=\"https:\/\/www.entelequiacultura.com\/wp-content\/uploads\/2024\/10\/foto-650.jpg 650w, https:\/\/www.entelequiacultura.com\/wp-content\/uploads\/2024\/10\/foto-650-300x300.jpg 300w, https:\/\/www.entelequiacultura.com\/wp-content\/uploads\/2024\/10\/foto-650-150x150.jpg 150w, https:\/\/www.entelequiacultura.com\/wp-content\/uploads\/2024\/10\/foto-650-60x60.jpg 60w, https:\/\/www.entelequiacultura.com\/wp-content\/uploads\/2024\/10\/foto-650-43x43.jpg 43w, https:\/\/www.entelequiacultura.com\/wp-content\/uploads\/2024\/10\/foto-650-106x106.jpg 106w, https:\/\/www.entelequiacultura.com\/wp-content\/uploads\/2024\/10\/foto-650-555x556.jpg 555w, https:\/\/www.entelequiacultura.com\/wp-content\/uploads\/2024\/10\/foto-650-360x361.jpg 360w, https:\/\/www.entelequiacultura.com\/wp-content\/uploads\/2024\/10\/foto-650-262x262.jpg 262w, https:\/\/www.entelequiacultura.com\/wp-content\/uploads\/2024\/10\/foto-650-600x601.jpg 600w, https:\/\/www.entelequiacultura.com\/wp-content\/uploads\/2024\/10\/foto-650-100x100.jpg 100w\" sizes=\"(max-width: 650px) 100vw, 650px\" \/><\/div><\/div><\/div>\n<div class=\"wpv-grid grid-2-3  unextended\" style=\"padding-top:0px;padding-bottom:0px\" id=\"wpv-column-be259c128f03dfdcbfc66efc7b34b301\" ><div class=\"row \"><div class=\"wpv-grid grid-1-1  first unextended\" style=\"padding-top:0px;padding-bottom:0px\" id=\"wpv-column-966207a744cd202c9ccd78f9ec329950\" ><div><\/div>\n<div>\n<p style=\"font-weight: 400;\">STEFANIA FANTAUZZI \u00e9s llicenciada en Filosofia per la Universitat de Bolonya i doctora en filosofia per la Universitat de Barcelona. \u00c9s investigadora del Seminari Filosofia i G\u00e8nere de la Universitat de Barcelona i del grup GAPP (Grup arendti\u00e0 de pensament i pol\u00edtica) i professora de Filosofia a la Universitat Aut\u00f2noma de Barcelona. Els seus interessos estan adre\u00e7ats a la filosofia pol\u00edtica i aplicada. Ha treballat sobretot el pensament de Hannah Arendt, i G\u00fcnther Anders, autors sobre els quals ha publicat diferents articles i assajos. Compagina la feina de recerca amb treballs de traducci\u00f3 i edici\u00f3. Entre ells destaquen la traducci\u00f3 a l&#8217;itali\u00e0 de <em>Come fare cose con i ricordi<\/em> (Roma: Casini, 2009) <em>i I brutti scherzi del passato<\/em> (Torino: Bollati Boringhieri, 2010) de Manuel Cruz, la traducci\u00f3 al castell\u00e0 de <em>Democracia surgente <\/em>Barcelona:\u200b\u200b Herder 2022) d&#8217;Adriana Cavarero l&#8217;edici\u00f3 dels escrits de Hannah Arendt a la Revista Aufbau compilats en el volum <em>Participar del m<\/em><em>\u00f3n<\/em> (Mallorca: Lleonard Muntaner, 2020) de l&#8217;assaig <em>La desobedi\u00e8ncia civil<\/em> d&#8217;Arendt (Mallorca: Lleonard Muntaner 2022) i de <em>L&#8217; home a dalt del pont<\/em> de G\u00fcnther Anders (Barcelona: Club Editor, 2023).<\/p>\n<p style=\"font-weight: 400;\">\n<\/div><\/div><\/div><\/div><\/div><\/div><\/div><\/div>\n<div class=\"wpv-grid grid-1-3  wpv-first-level unextended\" style=\"padding-top:0px;padding-bottom:0px\" id=\"wpv-column-c869f8f849cf25a5707b65b8d0853889\" ><div class=\"row \"><div class=\"wpv-grid grid-1-1  first has-background unextended\" style=\"background-color:#e2dfdf;padding-top:0px;padding-bottom:0px\" id=\"wpv-column-193668fed3945390a7607c814417ee3e\" ><style>#wpv-column-193668fed3945390a7607c814417ee3e p,#wpv-column-193668fed3945390a7607c814417ee3e em,#wpv-column-193668fed3945390a7607c814417ee3e .column-title,#wpv-column-193668fed3945390a7607c814417ee3e .sep-text h2.regular-title-wrapper,#wpv-column-193668fed3945390a7607c814417ee3e .text-divider-double,#wpv-column-193668fed3945390a7607c814417ee3e .sep-text .sep-text-line,#wpv-column-193668fed3945390a7607c814417ee3e .sep,#wpv-column-193668fed3945390a7607c814417ee3e .sep-2,#wpv-column-193668fed3945390a7607c814417ee3e .sep-3{color:#665c5c;}#wpv-column-193668fed3945390a7607c814417ee3e:before{background-color:transparent;}<\/style>\t\t<div class=\"sep-text single centered\">\n\t\t\t\t\t\t\t<span class=\"sep-text-before\"><div class=\"sep-text-line\"><\/div><\/span>\n\t\t\t\t\t\t<div class=\"content\">\n\t\t\t\t<h2 class=\"text-divider-double\">\nDetalls<\/h2>\t\t\t<\/div>\n\t\t\t<span class=\"sep-text-after\"><div class=\"sep-text-line\"><\/div><\/span>\n\t\t\t\t\t<\/div>\n\t\n<div class=\"row \"><div class=\"wpv-grid grid-1-1  first unextended\" style=\"padding-top:0px;padding-bottom:0px\" id=\"wpv-column-bd22a1356a8125a369313f1b04f6fb5b\" ><p style=\"text-align: center;\">Si vols rebre informaci\u00f3 sobre nous esdeveniments, subscriu-te al nostre butllet\u00ed informatiu<\/p>\n<p style=\"text-align: center;\"><a href=\"https:\/\/www.entelequiacultura.com\/ca\/butlleti-informatiu-2\/\" target=\"_self\" style='font-size: 20px;' class=\"button vamtam-button accent1  btn_inscripcion button-filled hover-accent1  alignleft\"><span class=\"btext\">Subscriu-te!!<\/span><\/a>\n<p style=\"text-align: center;\">hola@entelequiacultura.com<\/div><\/div>\n<div class=\"row \"><div class=\"wpv-grid grid-1-1  first unextended\" style=\"padding-top:0px;padding-bottom:0px\" id=\"wpv-column-e063f79c014d1f08e1972dc6990fc8af\" ><\/div><\/div><\/div><\/div><\/div><\/div>","excerpt":"","slug":"gunther-anders-2026","image":{"url":"https:\/\/www.entelequiacultura.com\/wp-content\/uploads\/2026\/01\/Portada-gunther-anders.jpg","id":44274,"extension":"jpg","width":1280,"height":720,"filesize":71613,"sizes":{"medium":{"width":300,"height":169,"mime-type":"image\/jpeg","filesize":9783,"url":"https:\/\/www.entelequiacultura.com\/wp-content\/uploads\/2026\/01\/Portada-gunther-anders-300x169.jpg"},"large":{"width":1024,"height":576,"mime-type":"image\/jpeg","filesize":50749,"url":"https:\/\/www.entelequiacultura.com\/wp-content\/uploads\/2026\/01\/Portada-gunther-anders-1024x576.jpg"},"thumbnail":{"width":150,"height":150,"mime-type":"image\/jpeg","filesize":5139,"url":"https:\/\/www.entelequiacultura.com\/wp-content\/uploads\/2026\/01\/Portada-gunther-anders-150x150.jpg"},"medium_large":{"width":768,"height":432,"mime-type":"image\/jpeg","filesize":34557,"url":"https:\/\/www.entelequiacultura.com\/wp-content\/uploads\/2026\/01\/Portada-gunther-anders-768x432.jpg"},"posts-widget-thumb":{"width":60,"height":60,"mime-type":"image\/jpeg","filesize":1863,"url":"https:\/\/www.entelequiacultura.com\/wp-content\/uploads\/2026\/01\/Portada-gunther-anders-60x60.jpg"},"posts-widget-thumb-small":{"width":43,"height":43,"mime-type":"image\/jpeg","filesize":1402,"url":"https:\/\/www.entelequiacultura.com\/wp-content\/uploads\/2026\/01\/Portada-gunther-anders-43x43.jpg"},"wpv-sermons-thumbnail":{"width":106,"height":106,"mime-type":"image\/jpeg","filesize":3393,"url":"https:\/\/www.entelequiacultura.com\/wp-content\/uploads\/2026\/01\/Portada-gunther-anders-106x106.jpg"},"post-loop":{"width":480,"height":369,"mime-type":"image\/jpeg","filesize":20611,"url":"https:\/\/www.entelequiacultura.com\/wp-content\/uploads\/2026\/01\/Portada-gunther-anders-480x369.jpg"},"single-portfolio":{"width":1140,"height":641,"mime-type":"image\/jpeg","filesize":60630,"url":"https:\/\/www.entelequiacultura.com\/wp-content\/uploads\/2026\/01\/Portada-gunther-anders-1140x641.jpg"},"single-post":{"width":1140,"height":641,"mime-type":"image\/jpeg","filesize":60630,"url":"https:\/\/www.entelequiacultura.com\/wp-content\/uploads\/2026\/01\/Portada-gunther-anders-1140x641.jpg"},"portfolio-masonry-1":{"width":1140,"height":641,"mime-type":"image\/jpeg","filesize":60630,"url":"https:\/\/www.entelequiacultura.com\/wp-content\/uploads\/2026\/01\/Portada-gunther-anders-1140x641.jpg"},"portfolio-loop-1":{"width":1140,"height":720,"mime-type":"image\/jpeg","filesize":64721,"url":"https:\/\/www.entelequiacultura.com\/wp-content\/uploads\/2026\/01\/Portada-gunther-anders-1140x720.jpg"},"post-small-1":{"width":1140,"height":720,"mime-type":"image\/jpeg","filesize":64721,"url":"https:\/\/www.entelequiacultura.com\/wp-content\/uploads\/2026\/01\/Portada-gunther-anders-1140x720.jpg"},"portfolio-masonry-2":{"width":555,"height":312,"mime-type":"image\/jpeg","filesize":22308,"url":"https:\/\/www.entelequiacultura.com\/wp-content\/uploads\/2026\/01\/Portada-gunther-anders-555x312.jpg"},"portfolio-loop-2":{"width":555,"height":370,"mime-type":"image\/jpeg","filesize":24319,"url":"https:\/\/www.entelequiacultura.com\/wp-content\/uploads\/2026\/01\/Portada-gunther-anders-555x370.jpg"},"post-small-2":{"width":555,"height":426,"mime-type":"image\/jpeg","filesize":25100,"url":"https:\/\/www.entelequiacultura.com\/wp-content\/uploads\/2026\/01\/Portada-gunther-anders-555x426.jpg"},"portfolio-masonry-3":{"width":360,"height":203,"mime-type":"image\/jpeg","filesize":12535,"url":"https:\/\/www.entelequiacultura.com\/wp-content\/uploads\/2026\/01\/Portada-gunther-anders-360x203.jpg"},"portfolio-loop-3":{"width":360,"height":240,"mime-type":"image\/jpeg","filesize":13444,"url":"https:\/\/www.entelequiacultura.com\/wp-content\/uploads\/2026\/01\/Portada-gunther-anders-360x240.jpg"},"post-small-3":{"width":360,"height":276,"mime-type":"image\/jpeg","filesize":13984,"url":"https:\/\/www.entelequiacultura.com\/wp-content\/uploads\/2026\/01\/Portada-gunther-anders-360x276.jpg"},"portfolio-masonry-4":{"width":262,"height":147,"mime-type":"image\/jpeg","filesize":8238,"url":"https:\/\/www.entelequiacultura.com\/wp-content\/uploads\/2026\/01\/Portada-gunther-anders-262x147.jpg"},"portfolio-loop-4":{"width":262,"height":175,"mime-type":"image\/jpeg","filesize":8842,"url":"https:\/\/www.entelequiacultura.com\/wp-content\/uploads\/2026\/01\/Portada-gunther-anders-262x175.jpg"},"post-small-4":{"width":262,"height":201,"mime-type":"image\/jpeg","filesize":9235,"url":"https:\/\/www.entelequiacultura.com\/wp-content\/uploads\/2026\/01\/Portada-gunther-anders-262x201.jpg"},"woocommerce_thumbnail":{"width":300,"height":300,"mime-type":"image\/jpeg","filesize":12365,"uncropped":false,"url":"https:\/\/www.entelequiacultura.com\/wp-content\/uploads\/2026\/01\/Portada-gunther-anders-300x300.jpg"},"woocommerce_single":{"width":600,"height":338,"mime-type":"image\/jpeg","filesize":24885,"url":"https:\/\/www.entelequiacultura.com\/wp-content\/uploads\/2026\/01\/Portada-gunther-anders-600x338.jpg"},"woocommerce_gallery_thumbnail":{"width":100,"height":100,"mime-type":"image\/jpeg","filesize":3250,"url":"https:\/\/www.entelequiacultura.com\/wp-content\/uploads\/2026\/01\/Portada-gunther-anders-100x100.jpg"}}},"all_day":false,"start_date":"2026-04-25 10:00:00","start_date_details":{"year":"2026","month":"04","day":"25","hour":"10","minutes":"00","seconds":"00"},"end_date":"2026-04-25 14:00:00","end_date_details":{"year":"2026","month":"04","day":"25","hour":"14","minutes":"00","seconds":"00"},"utc_start_date":"2026-04-25 08:00:00","utc_start_date_details":{"year":"2026","month":"04","day":"25","hour":"08","minutes":"00","seconds":"00"},"utc_end_date":"2026-04-25 12:00:00","utc_end_date_details":{"year":"2026","month":"04","day":"25","hour":"12","minutes":"00","seconds":"00"},"timezone":"Europe\/Madrid","timezone_abbr":"CEST","cost":"","cost_details":{"currency_symbol":"\u20ac","currency_code":"USD","currency_position":"suffix","values":[]},"website":"","show_map":false,"show_map_link":false,"hide_from_listings":false,"sticky":false,"featured":false,"categories":[{"name":"Activitats BCN","slug":"activitats-bcn","term_group":0,"term_taxonomy_id":558,"taxonomy":"tribe_events_cat","description":"","parent":0,"count":59,"filter":"raw","id":558,"urls":{"self":"https:\/\/www.entelequiacultura.com\/ca\/wp-json\/tribe\/events\/v1\/categories\/558","collection":"https:\/\/www.entelequiacultura.com\/ca\/wp-json\/tribe\/events\/v1\/categories"}},{"name":"Pensament","slug":"pensament","term_group":0,"term_taxonomy_id":188,"taxonomy":"tribe_events_cat","description":"","parent":0,"count":20,"filter":"raw","id":188,"urls":{"self":"https:\/\/www.entelequiacultura.com\/ca\/wp-json\/tribe\/events\/v1\/categories\/188","collection":"https:\/\/www.entelequiacultura.com\/ca\/wp-json\/tribe\/events\/v1\/categories"}}],"tags":[],"venue":{"id":38436,"author":"1","status":"publish","date":"2023-03-05 13:46:55","date_utc":"2023-03-05 12:46:55","modified":"2025-04-10 13:05:35","modified_utc":"2025-04-10 11:05:35","url":"https:\/\/www.entelequiacultura.com\/ca\/lloc\/seminari-bcn\/","venue":"SEMINARI &#8211; Barcelona","slug":"seminari-bcn","json_ld":{"@type":"Place","name":"SEMINARI &#8211; Barcelona","description":"","url":"","address":{"@type":"PostalAddress"},"telephone":"","sameAs":""},"show_map":true,"show_map_link":true,"global_id":"www.entelequiacultura.com\/ca\/?id=38436","global_id_lineage":["www.entelequiacultura.com\/ca\/?id=38436"]},"organizer":[],"custom_fields":[],"json_ld":{"@context":"http:\/\/schema.org","@type":"Event","name":"G\u00dcNTHER ANDERS: FILOSOFIA D&#8217;OCASI\u00d3 (Stefania Fantauzzi)","description":"&lt;p&gt;Descripci\u00f3: I si l\u2019home ja no control\u00e9s el que crea? G\u00fcnther Anders (1902-1992), fil\u00f2sof i activista, es definia com un conservador ontol\u00f2gic: preserva el m\u00f3n per poder intervenir-hi amb responsabilitat....&lt;\/p&gt;\\n","image":"https:\/\/www.entelequiacultura.com\/wp-content\/uploads\/2026\/01\/Portada-gunther-anders.jpg","url":"https:\/\/www.entelequiacultura.com\/ca\/esdeveniment\/gunther-anders-2026\/","eventAttendanceMode":"https:\/\/schema.org\/OfflineEventAttendanceMode","eventStatus":"https:\/\/schema.org\/EventScheduled","startDate":"2026-04-25T10:00:00+02:00","endDate":"2026-04-25T14:00:00+02:00","location":{"@type":"Place","name":"SEMINARI &#8211; Barcelona","description":"","url":"","address":{"@type":"PostalAddress"},"telephone":"","sameAs":""},"performer":"Organization"},"ticketed":false}